{"id":74606,"date":"2025-06-17T17:40:37","date_gmt":"2025-06-17T21:40:37","guid":{"rendered":"https:\/\/wawa-news.com\/?p=74606"},"modified":"2025-06-21T08:37:04","modified_gmt":"2025-06-21T12:37:04","slug":"charte-de-kananaskis-sur-les-feux-de-foret","status":"publish","type":"post","link":"https:\/\/wawa-news.com\/index.php\/2025\/06\/17\/charte-de-kananaskis-sur-les-feux-de-foret\/","title":{"rendered":"Charte de Kananaskis sur les feux de for\u00eat"},"content":{"rendered":"<p>Le 17 juin 2025<br \/>\nKananaskis (Alberta)<\/p>\n<p>Nous, dirigeants du G7, sommes vivement pr\u00e9occup\u00e9s par le fait que le monde a connu, au cours de la derni\u00e8re d\u00e9cennie, des feux de for\u00eat d\u2019une ampleur sans pr\u00e9c\u00e9dent sur tous les continents recouverts de for\u00eats, lesquels ont souvent englouti les ressources des pays touch\u00e9s et oblig\u00e9 les gouvernements \u00e0 solliciter l\u2019aide d\u2019autres pays. Ces feux de for\u00eat de plus en plus extr\u00eames mettent des vies en danger, nuisent \u00e0 la sant\u00e9 humaine, d\u00e9truisent des habitations et des \u00e9cosyst\u00e8mes et co\u00fbtent aux gouvernements et aux contribuables des milliards de dollars chaque ann\u00e9e.<\/p>\n<p>Nous sommes r\u00e9solus \u00e0 renforcer la coop\u00e9ration mondiale pour aider les pays \u00e0 pr\u00e9venir les feux de for\u00eat, \u00e0 lutter contre ces derniers et \u00e0 s\u2019en r\u00e9tablir. \u00c0 cet \u00e9gard, nous allons prendre des mesures int\u00e9gr\u00e9es pour r\u00e9duire l\u2019incidence et les effets n\u00e9gatifs des feux de for\u00eat et veiller \u00e0 ce que nous soyons pr\u00eats \u00e0 nous entraider, ainsi qu\u2019\u00e0 aider nos partenaires, en cas de besoin.<\/p>\n<p><strong>Nous prendrons des mesures pour pr\u00e9venir les feux de for\u00eat et en r\u00e9duire la fr\u00e9quence. Nous allons\u00a0:<\/strong><\/p>\n<ul>\n<li><strong>adopter une approche ax\u00e9e sur l\u2019ensemble de la soci\u00e9t\u00e9,\u00a0<\/strong>qui englobe les diff\u00e9rents ordres de gouvernement, les peuples autochtones, les communaut\u00e9s, les organisations internationales et non gouvernementales, le milieu universitaire et le secteur priv\u00e9, afin de mettre en commun les connaissances et de stimuler la recherche en mati\u00e8re de r\u00e9duction des risques.<\/li>\n<li><strong>mettre en \u0153uvre des mesures d\u2019att\u00e9nuation et d\u2019adaptation,\u00a0<\/strong>fond\u00e9es sur la recherche scientifique et les connaissances locales, qui contribueront \u00e0 r\u00e9duire le risque de feux de for\u00eat extr\u00eames, notamment la gestion durable des for\u00eats, les solutions fond\u00e9es sur la nature, les pratiques autochtones de gestion des terres, y compris le br\u00fblage culturel ou dirig\u00e9, et l\u2019adoption de mesures de r\u00e9duction des risques d\u2019incendie pour les communaut\u00e9s, les b\u00e2timents et les infrastructures.<\/li>\n<li><strong>accro\u00eetre la sensibilisation aux diff\u00e9rentes causes des feux de for\u00eat et aux mesures de pr\u00e9vention connexes,\u00a0<\/strong>notamment pour r\u00e9duire le nombre de feux de for\u00eat d\u00e9clench\u00e9s de mani\u00e8re accidentelle ou malveillante.<\/li>\n<\/ul>\n<p><strong>Nous renforcerons la capacit\u00e9 des pays du monde entier \u00e0 se pr\u00e9parer aux feux de for\u00eat et \u00e0 y r\u00e9agir lorsqu\u2019ils se produisent. \u00c0 cet \u00e9gard, nous allons :<\/strong><\/p>\n<ul>\n<li><strong>tirer parti de la recherche, des outils et des technologies qui permettent de pr\u00e9voir, de d\u00e9tecter et de surveiller\u00a0<\/strong>les feux de for\u00eat, tels que les syst\u00e8mes d\u2019\u00e9valuation des risques d\u2019incendie, les technologies g\u00e9ospatiales et les syst\u00e8mes qui fournissent des alertes pr\u00e9coces lorsque les feux de for\u00eat s\u2019approchent de zones habit\u00e9es ou d\u2019infrastructures.<\/li>\n<li><strong>collaborer \u00e0 la collecte de donn\u00e9es et \u00e0 l\u2019\u00e9change de renseignements\u00a0<\/strong>afin de mieux comprendre les feux de for\u00eat et leurs cons\u00e9quences, notamment sur les diff\u00e9rents groupes de population, et de mieux y r\u00e9agir.<\/li>\n<li><strong>renforcer notre capacit\u00e9 commune \u00e0 att\u00e9nuer les effets\u00a0<\/strong>de l\u2019exposition aux feux de for\u00eat sur la sant\u00e9 et le bien-\u00eatre des personnes <strong>et \u00e0 y r\u00e9agir.<\/strong><\/li>\n<li><strong>am\u00e9liorer l\u2019interop\u00e9rabilit\u00e9\u00a0<\/strong>en mettant en commun les meilleures pratiques et, le cas \u00e9ch\u00e9ant, en \u00e9tablissant des capacit\u00e9s, des proc\u00e9dures et des protocoles communs en mati\u00e8re de lutte contre les feux de for\u00eat, y compris en ce qui concerne la formation.<\/li>\n<li><strong>explorer des moyens d\u2019assurer un acc\u00e8s plus rapide \u00e0 l\u2019\u00e9quipement et aux capacit\u00e9s de base de lutte contre les incendies\u00a0<\/strong>qui aident \u00e0 r\u00e9pondre aux besoins particuliers des pays.<\/li>\n<\/ul>\n<p><strong>Nous veillerons \u00e0 ce que nos efforts de r\u00e9tablissement favorisent la r\u00e9silience des pays face aux feux de for\u00eat. \u00c0 cet \u00e9gard, nous allons\u00a0:<\/strong><\/p>\n<ul>\n<li><strong>d\u00e9terminer les zones qui n\u00e9cessitent des efforts de r\u00e9tablissement actifs<\/strong> et celles o\u00f9 la r\u00e9g\u00e9n\u00e9ration naturelle est la meilleure solution, en prenant des mesures qui favorisent la diversit\u00e9 biologique et contribuent au r\u00e9tablissement de la nature et en mettant en \u0153uvre des solutions fond\u00e9es sur la nature afin de renforcer la r\u00e9silience et de r\u00e9duire les risques.<\/li>\n<li><strong>reb\u00e2tir les infrastructures de sorte qu\u2019elles r\u00e9sistent aux feux de for\u00eat,\u00a0<\/strong>notamment en fortifiant le milieu p\u00e9riurbain au moyen d\u2019une conception urbaine, d\u2019un am\u00e9nagement paysager et d\u2019une planification des infrastructures qui favorisent la r\u00e9silience.<\/li>\n<li><strong>encourager la recherche pour mieux comprendre les conditions locales\u00a0<\/strong>afin de soutenir et d\u2019intensifier les efforts de restauration \u00e9cologique, trouver les meilleures m\u00e9thodes de gestion durable des for\u00eats afin de pr\u00e9venir les feux de for\u00eat et d\u2019en att\u00e9nuer les effets, y compris dans des conditions qui \u00e9voluent rapidement, et adopter des approches communautaires ax\u00e9es sur l\u2019ensemble de la soci\u00e9t\u00e9 qui int\u00e8grent les pratiques locales et, dans la mesure du possible, les pratiques autochtones, et qui favorisent la participation des femmes.<\/li>\n<\/ul>\n<p>Nous rechercherons des synergies avec les travaux que m\u00e8ne actuellement le G20. De plus, les signataires int\u00e9ress\u00e9s collaboreront dans le cadre de tribunes telles que le Centre mondial de gestion des incendies des Nations Unies. Enfin, nous alignerons nos efforts sur les engagements visant \u00e0 freiner et \u00e0 inverser la d\u00e9forestation et la d\u00e9gradation des for\u00eats et des terres \u00e0 l\u2019\u00e9chelle mondiale d\u2019ici 2030.<\/p>\n<p>Ensemble, nous mettrons en place une approche mondiale plus forte et mieux coordonn\u00e9e pour accro\u00eetre la r\u00e9silience face aux feux de for\u00eat.<\/p>\n<p>Nous saluons l\u2019adoption de la Charte de Kananaskis sur les feux de for\u00eat par les dirigeants de l\u2019Afrique du Sud, de l\u2019Australie, de l\u2019Inde, du Mexique et de la R\u00e9publique de Cor\u00e9e.<\/p>\n","protected":false},"excerpt":{"rendered":"<p>Le 17 juin 2025 Kananaskis (Alberta) Nous, dirigeants du G7, sommes vivement pr\u00e9occup\u00e9s par le fait que le monde a connu, au cours de la derni\u00e8re d\u00e9cennie, des feux de for\u00eat d\u2019une ampleur sans pr\u00e9c\u00e9dent sur tous les continents recouverts de for\u00eats, lesquels ont souvent englouti les ressources des pays touch\u00e9s et oblig\u00e9 les gouvernements &#8230;<\/p>\n","protected":false},"author":61,"featured_media":0,"comment_status":"open","ping_status":"closed","sticky":false,"template":"","format":"standard","meta":{"footnotes":""},"categories":[85],"tags":[],"class_list":["post-74606","post","type-post","status-publish","format-standard","hentry","category-politics"],"publishpress_future_action":{"enabled":false,"date":"2026-05-05 10:27:25","action":"change-status","newStatus":"draft","terms":[],"taxonomy":"category","extraData":[]},"publishpress_future_workflow_manual_trigger":{"enabledWorkflows":[]},"_links":{"self":[{"href":"https:\/\/wawa-news.com\/index.php\/wp-json\/wp\/v2\/posts\/74606","targetHints":{"allow":["GET"]}}],"collection":[{"href":"https:\/\/wawa-news.com\/index.php\/wp-json\/wp\/v2\/posts"}],"about":[{"href":"https:\/\/wawa-news.com\/index.php\/wp-json\/wp\/v2\/types\/post"}],"author":[{"embeddable":true,"href":"https:\/\/wawa-news.com\/index.php\/wp-json\/wp\/v2\/users\/61"}],"replies":[{"embeddable":true,"href":"https:\/\/wawa-news.com\/index.php\/wp-json\/wp\/v2\/comments?post=74606"}],"version-history":[{"count":1,"href":"https:\/\/wawa-news.com\/index.php\/wp-json\/wp\/v2\/posts\/74606\/revisions"}],"predecessor-version":[{"id":74607,"href":"https:\/\/wawa-news.com\/index.php\/wp-json\/wp\/v2\/posts\/74606\/revisions\/74607"}],"wp:attachment":[{"href":"https:\/\/wawa-news.com\/index.php\/wp-json\/wp\/v2\/media?parent=74606"}],"wp:term":[{"taxonomy":"category","embeddable":true,"href":"https:\/\/wawa-news.com\/index.php\/wp-json\/wp\/v2\/categories?post=74606"},{"taxonomy":"post_tag","embeddable":true,"href":"https:\/\/wawa-news.com\/index.php\/wp-json\/wp\/v2\/tags?post=74606"}],"curies":[{"name":"wp","href":"https:\/\/api.w.org\/{rel}","templated":true}]}}