{"id":64934,"date":"2024-01-25T08:00:24","date_gmt":"2024-01-25T13:00:24","guid":{"rendered":"https:\/\/wawa-news.com\/?p=64934"},"modified":"2024-01-25T06:50:57","modified_gmt":"2024-01-25T11:50:57","slug":"faire-une-difference-a-lesc-trillium-chapleau-en-tant-que-co-premier-ministre","status":"publish","type":"post","link":"https:\/\/wawa-news.com\/index.php\/2024\/01\/25\/faire-une-difference-a-lesc-trillium-chapleau-en-tant-que-co-premier-ministre\/","title":{"rendered":"Faire une diff\u00e9rence \u00e0 l\u2019\u00c9SC Trillium (Chapleau) en tant que co-Premier ministre"},"content":{"rendered":"<p><a href=\"https:\/\/wawa-news.com\/wp-content\/uploads\/2024\/01\/Screen-Shot-2024-01-25-at-6.49.22-AM.png\"><img loading=\"lazy\" decoding=\"async\" class=\"alignright size-medium wp-image-64932\" src=\"https:\/\/wawa-news.com\/wp-content\/uploads\/2024\/01\/Screen-Shot-2024-01-25-at-6.49.22-AM-229x300.png\" alt=\"\" width=\"229\" height=\"300\" srcset=\"https:\/\/wawa-news.com\/wp-content\/uploads\/2024\/01\/Screen-Shot-2024-01-25-at-6.49.22-AM-229x300.png 229w, https:\/\/wawa-news.com\/wp-content\/uploads\/2024\/01\/Screen-Shot-2024-01-25-at-6.49.22-AM.png 448w\" sizes=\"auto, (max-width: 229px) 100vw, 229px\" \/><\/a>Depuis le mois de septembre, Emmanuel Boucher occupe le poste co-Premier ministre du Parlement des \u00e9l\u00e8ves de l\u2019\u00c9cole secondaire catholique Trillium (Chapleau). Dans le cadre de ses fonctions, cet \u00e9l\u00e8ve de la 12<sup>e<\/sup> ann\u00e9e joue un r\u00f4le tr\u00e8s actif au sein du Parlement des \u00e9l\u00e8ves de son \u00e9cole et participe au S\u00e9nat des \u00e9l\u00e8ves du Conseil scolaire catholique Nouvelon. Ce comit\u00e9 politique, qui sert de forum pour les Premiers ministres des neuf \u00e9coles secondaires du CSC Nouvelon, favorise les \u00e9changes et engage les \u00e9l\u00e8ves dans leur r\u00e9ussite de fa\u00e7on \u00e0 promouvoir l\u2019\u00e9ducation catholique de langue fran\u00e7aise.<\/p>\n<p>&nbsp;<\/p>\n<p>\u00ab Je suis heureux d\u2019\u00eatre membre du S\u00e9nat des \u00e9l\u00e8ves parce que j\u2019aime cr\u00e9er des activit\u00e9s pour les \u00e9l\u00e8ves de l\u2019\u00c9cole secondaire catholique Trillium et m\u2019amuser. J\u2019aime aussi bien repr\u00e9senter mon \u00e9cole dans le Conseil et dans la communaut\u00e9. Avec mon \u00e9quipe du Parlement des \u00e9l\u00e8ves, j\u2019aime contribuer \u00e0 d\u00e9velopper mon \u00e9cole pour les ann\u00e9es \u00e0 venir,\u00a0\u00bb affirme Emmanuel Boucher<\/p>\n","protected":false},"excerpt":{"rendered":"<p>Depuis le mois de septembre, Emmanuel Boucher occupe le poste co-Premier ministre du Parlement des \u00e9l\u00e8ves de l\u2019\u00c9cole secondaire catholique Trillium (Chapleau). Dans le cadre de ses fonctions, cet \u00e9l\u00e8ve de la 12e ann\u00e9e joue un r\u00f4le tr\u00e8s actif au sein du Parlement des \u00e9l\u00e8ves de son \u00e9cole et participe au S\u00e9nat des \u00e9l\u00e8ves du &#8230;<\/p>\n","protected":false},"author":3,"featured_media":64932,"comment_status":"open","ping_status":"closed","sticky":false,"template":"","format":"standard","meta":{"footnotes":""},"categories":[44],"tags":[],"class_list":["post-64934","post","type-post","status-publish","format-standard","has-post-thumbnail","hentry","category-education"],"publishpress_future_action":{"enabled":false,"date":"2026-05-02 05:50:47","action":"change-status","newStatus":"draft","terms":[],"taxonomy":"category","extraData":[]},"publishpress_future_workflow_manual_trigger":{"enabledWorkflows":[]},"_links":{"self":[{"href":"https:\/\/wawa-news.com\/index.php\/wp-json\/wp\/v2\/posts\/64934","targetHints":{"allow":["GET"]}}],"collection":[{"href":"https:\/\/wawa-news.com\/index.php\/wp-json\/wp\/v2\/posts"}],"about":[{"href":"https:\/\/wawa-news.com\/index.php\/wp-json\/wp\/v2\/types\/post"}],"author":[{"embeddable":true,"href":"https:\/\/wawa-news.com\/index.php\/wp-json\/wp\/v2\/users\/3"}],"replies":[{"embeddable":true,"href":"https:\/\/wawa-news.com\/index.php\/wp-json\/wp\/v2\/comments?post=64934"}],"version-history":[{"count":1,"href":"https:\/\/wawa-news.com\/index.php\/wp-json\/wp\/v2\/posts\/64934\/revisions"}],"predecessor-version":[{"id":64935,"href":"https:\/\/wawa-news.com\/index.php\/wp-json\/wp\/v2\/posts\/64934\/revisions\/64935"}],"wp:featuredmedia":[{"embeddable":true,"href":"https:\/\/wawa-news.com\/index.php\/wp-json\/wp\/v2\/media\/64932"}],"wp:attachment":[{"href":"https:\/\/wawa-news.com\/index.php\/wp-json\/wp\/v2\/media?parent=64934"}],"wp:term":[{"taxonomy":"category","embeddable":true,"href":"https:\/\/wawa-news.com\/index.php\/wp-json\/wp\/v2\/categories?post=64934"},{"taxonomy":"post_tag","embeddable":true,"href":"https:\/\/wawa-news.com\/index.php\/wp-json\/wp\/v2\/tags?post=64934"}],"curies":[{"name":"wp","href":"https:\/\/api.w.org\/{rel}","templated":true}]}}