{"id":52735,"date":"2022-03-16T08:00:24","date_gmt":"2022-03-16T12:00:24","guid":{"rendered":"https:\/\/wawa-news.com\/?p=52735"},"modified":"2022-03-16T07:55:59","modified_gmt":"2022-03-16T11:55:59","slug":"lexpansion-de-luniversite-de-lemno-permettra-dalleger-la-penurie-de-medecins-dans-le-nord-de-lontario","status":"publish","type":"post","link":"https:\/\/wawa-news.com\/index.php\/2022\/03\/16\/lexpansion-de-luniversite-de-lemno-permettra-dalleger-la-penurie-de-medecins-dans-le-nord-de-lontario\/","title":{"rendered":"L\u2019expansion de l&#8217;Universit\u00e9 de l&#8217;EMNO permettra d\u2019all\u00e9ger la p\u00e9nurie de m\u00e9decins dans le Nord de l&#8217;Ontario"},"content":{"rendered":"<p>Le 15 mars 2022, le gouvernement de l\u2019Ontario a annonc\u00e9 l\u2019expansion des \u00e9coles de m\u00e9decine de toute la province. Au cours des cinq prochaines ann\u00e9es, l\u2019Universit\u00e9 de l&#8217;EMNO aura donc 30 places suppl\u00e9mentaires dans son programme de m\u00e9decine et 41 dans ses programmes de r\u00e9sidence.<\/p>\n<p>\u00ab\u00a0Merci au premier ministre, Doug Ford, \u00e0 la ministre de la Sant\u00e9 et des Soins de longue dur\u00e9e, Christine Elliott, et \u00e0 la ministre des Coll\u00e8ges et Universit\u00e9s, Jill Dunlop, d\u2019effectuer des changements qui auront des effets sur la sant\u00e9 de nos communaut\u00e9s du Nord\u00a0\u00bb a dit la D<sup>re<\/sup>Sarita Verma, doyenne et PDG de l&#8217;EMNO. \u00ab\u00a0Ces derniers ont soutenu la cr\u00e9ation de la premi\u00e8re universit\u00e9 autonome de m\u00e9decine du Canada\u00a0\u00e0 compter du 1<sup>er<\/sup> avril, et maintenant, cette expansion offre des places suppl\u00e9mentaires dans le Nord. C\u2019est un temps passionnant pour l\u2019Universit\u00e9 de l\u2019EMNO. \u00bb<\/p>\n<p>Selon les estimations de l&#8217;EMNO, plus de 300 m\u00e9decins sont n\u00e9cessaires dans le Nord, et ce chiffre ne tient pas compte des d\u00e9parts \u00e0 la retraite qui pourraient avoir lieu au cours des cinq prochaines ann\u00e9es.<\/p>\n<p>\u00ab\u00a0Dans le cadre de notre promesse de dispenser des soins de haute qualit\u00e9 dans toutes les r\u00e9gions de l\u2019Ontario, nous veillons \u00e0 ce que les m\u00e9decins de demain aient acc\u00e8s \u00e0 la formation de calibre mondial offerte dans les \u00e9coles de m\u00e9decine de l\u2019Ontario, a d\u00e9clar\u00e9 le premier ministre, Doug Ford. Cette expansion de la formation en m\u00e9decine, la plus importante depuis 10 ans, est essentielle pour que la province soit plus forte et plus r\u00e9siliente pour les futures g\u00e9n\u00e9rations.\u00a0\u00bb<\/p>\n<p>Le plus r\u00e9cent plan strat\u00e9gique de l&#8217;EMNO, <em>Le d\u00e9fi 2025 de l&#8217;EMNO<\/em>, permettra d\u2019avancer vers la solution \u00e0 la grave p\u00e9nurie de m\u00e9decins, d\u2019innover dans la formation du personnel professionnel de la sant\u00e9 et de renforcer la capacit\u00e9 de recherche, en int\u00e9grant la responsabilit\u00e9 sociale partout.<\/p>\n<p>\u00ab\u00a0C\u2019est une autre \u00e9tape importante dans la transformation du syst\u00e8me de sant\u00e9 dans le Nord de l&#8217;Ontario visant \u00e0 \u00e9liminer les lacunes dans les ressources humaines en sant\u00e9 et apporter un acc\u00e8s \u00e9quitable aux soins, a affirm\u00e9 la D<sup>re<\/sup> Verma. Nous ne saurions sous-estimer l\u2019impact de la population du Nord de l&#8217;Ontario lorsqu\u2019elle se rallie et milite pour le changement. Je tiens \u00e0 remercier particuli\u00e8rement l\u2019Ontario Medical Association, la Federation of Northern Ontario Municipalities et la Northwestern Ontario Municipal Association et leurs membres. Toutes les communaut\u00e9s, peu importe la taille, se sont exprim\u00e9es et ont \u00e9t\u00e9 entendues \u00e0 Queen\u2019s Park. \u00bb<\/p>\n<p>L&#8217;EMNO accueille actuellement 64 \u00e9tudiantes et \u00e9tudiants dans le programme de m\u00e9decine et 60 r\u00e9sidentes et r\u00e9sidents en premi\u00e8re ann\u00e9e par an.<\/p>\n","protected":false},"excerpt":{"rendered":"<p>Le 15 mars 2022, le gouvernement de l\u2019Ontario a annonc\u00e9 l\u2019expansion des \u00e9coles de m\u00e9decine de toute la province. Au cours des cinq prochaines ann\u00e9es, l\u2019Universit\u00e9 de l&#8217;EMNO aura donc 30 places suppl\u00e9mentaires dans son programme de m\u00e9decine et 41 dans ses programmes de r\u00e9sidence. \u00ab\u00a0Merci au premier ministre, Doug Ford, \u00e0 la ministre de &#8230;<\/p>\n","protected":false},"author":3,"featured_media":0,"comment_status":"open","ping_status":"closed","sticky":false,"template":"","format":"standard","meta":{"footnotes":""},"categories":[44,63],"tags":[],"class_list":["post-52735","post","type-post","status-publish","format-standard","hentry","category-education","category-health"],"publishpress_future_action":{"enabled":false,"date":"2026-05-03 11:34:00","action":"change-status","newStatus":"draft","terms":[],"taxonomy":"category","extraData":[]},"publishpress_future_workflow_manual_trigger":{"enabledWorkflows":[]},"_links":{"self":[{"href":"https:\/\/wawa-news.com\/index.php\/wp-json\/wp\/v2\/posts\/52735","targetHints":{"allow":["GET"]}}],"collection":[{"href":"https:\/\/wawa-news.com\/index.php\/wp-json\/wp\/v2\/posts"}],"about":[{"href":"https:\/\/wawa-news.com\/index.php\/wp-json\/wp\/v2\/types\/post"}],"author":[{"embeddable":true,"href":"https:\/\/wawa-news.com\/index.php\/wp-json\/wp\/v2\/users\/3"}],"replies":[{"embeddable":true,"href":"https:\/\/wawa-news.com\/index.php\/wp-json\/wp\/v2\/comments?post=52735"}],"version-history":[{"count":1,"href":"https:\/\/wawa-news.com\/index.php\/wp-json\/wp\/v2\/posts\/52735\/revisions"}],"predecessor-version":[{"id":52736,"href":"https:\/\/wawa-news.com\/index.php\/wp-json\/wp\/v2\/posts\/52735\/revisions\/52736"}],"wp:attachment":[{"href":"https:\/\/wawa-news.com\/index.php\/wp-json\/wp\/v2\/media?parent=52735"}],"wp:term":[{"taxonomy":"category","embeddable":true,"href":"https:\/\/wawa-news.com\/index.php\/wp-json\/wp\/v2\/categories?post=52735"},{"taxonomy":"post_tag","embeddable":true,"href":"https:\/\/wawa-news.com\/index.php\/wp-json\/wp\/v2\/tags?post=52735"}],"curies":[{"name":"wp","href":"https:\/\/api.w.org\/{rel}","templated":true}]}}