{"id":52371,"date":"2022-03-03T18:18:08","date_gmt":"2022-03-03T23:18:08","guid":{"rendered":"https:\/\/wawa-news.com\/?p=52371"},"modified":"2022-03-03T18:38:36","modified_gmt":"2022-03-03T23:38:36","slug":"dery-leonne","status":"publish","type":"post","link":"https:\/\/wawa-news.com\/index.php\/2022\/03\/03\/dery-leonne\/","title":{"rendered":"D\u00c9RY, L\u00e9onne"},"content":{"rendered":"<div class=\"editor editor-max-width\">\n<p>1921 &#8211; 2022<\/p>\n<p><a href=\"https:\/\/wawa-news.com\/wp-content\/uploads\/2022\/03\/Screen-Shot-2022-03-03-at-6.15.52-PM-e1646349413457.png\"><img loading=\"lazy\" decoding=\"async\" class=\"alignright size-full wp-image-52372\" src=\"https:\/\/wawa-news.com\/wp-content\/uploads\/2022\/03\/Screen-Shot-2022-03-03-at-6.15.52-PM-e1646349413457.png\" alt=\"\" width=\"300\" height=\"418\" \/><\/a>Entour\u00e9e de sa famille, le 24 f\u00e9vrier 2022, est d\u00e9c\u00e9d\u00e9e \u00e0 l\u2019\u00e2ge de 100 ans et 6 mois, Mme L\u00e9onne D\u00e9ry, \u00e9pouse en 1\u00e8re noces de feu Roger Lavergne et en 2i\u00e8me noces de feu Lucien-R\u00e9al Levac, demeurant \u00e0 Ste-Flore. Pr\u00e9d\u00e9c\u00e9d\u00e9e par ses enfants Serge et Fran\u00e7ois.<\/p>\n<pre id=\"tw-target-text\" class=\"tw-data-text tw-text-large tw-ta\" dir=\"ltr\" data-placeholder=\"Translation\"><\/pre>\n<p>Mme D\u00e9ry laisse dans le deuil ses enfants: Ginette Lavergne, Ga\u00e9tan Lavergne (Micheline Moisan), C\u00e9line Lavergne, Sylvain Lavergne (Carole Brisson) et Linda Lavergne; les enfants et les petits-enfants de feu Myrt\u00f4 (Wawa); petits-enfants et arri\u00e8re-petits-enfants. Ses fr\u00e8res Onil D\u00e9ry et ild\u00e8ge D\u00e9ry; beaux-fr\u00e8res Ren\u00e9 Lavergne, Bernard Lavergne et belle-s\u0153ur Jacqueline Lavergne, ainsi que plusieurs neveux, ni\u00e8ces, autres parents et amis.<\/p>\n<p>&nbsp;<\/p>\n<p>La famille accueillera parents et ami(e)s \u00e0 la Maison fun\u00e9raire St-Ours; 2203, Champlain, Shawinigan, vendredi 4 mars 2022, jour des fun\u00e9railles, \u00e0 partir de 10h. Les fun\u00e9railles auront lieu le vendredi 4 mars 2022 \u00e0 14h en l\u2019\u00e9glise de Ste-Flore. L\u2019inhumation aura lieu au cimeti\u00e8re de Ste-Flore.<\/p>\n<p>&nbsp;<\/p>\n<\/div>\n","protected":false},"excerpt":{"rendered":"<p>1921 &#8211; 2022 Entour\u00e9e de sa famille, le 24 f\u00e9vrier 2022, est d\u00e9c\u00e9d\u00e9e \u00e0 l\u2019\u00e2ge de 100 ans et 6 mois, Mme L\u00e9onne D\u00e9ry, \u00e9pouse en 1\u00e8re noces de feu Roger Lavergne et en 2i\u00e8me noces de feu Lucien-R\u00e9al Levac, demeurant \u00e0 Ste-Flore. Pr\u00e9d\u00e9c\u00e9d\u00e9e par ses enfants Serge et Fran\u00e7ois. Mme D\u00e9ry laisse dans le &#8230;<\/p>\n","protected":false},"author":5,"featured_media":52372,"comment_status":"open","ping_status":"closed","sticky":false,"template":"","format":"standard","meta":{"footnotes":""},"categories":[2663],"tags":[164],"class_list":["post-52371","post","type-post","status-publish","format-standard","has-post-thumbnail","hentry","category-obits","tag-myrto-stockton"],"publishpress_future_action":{"enabled":false,"date":"2026-05-03 05:11:15","action":"change-status","newStatus":"draft","terms":[],"taxonomy":"category","extraData":[]},"publishpress_future_workflow_manual_trigger":{"enabledWorkflows":[]},"_links":{"self":[{"href":"https:\/\/wawa-news.com\/index.php\/wp-json\/wp\/v2\/posts\/52371","targetHints":{"allow":["GET"]}}],"collection":[{"href":"https:\/\/wawa-news.com\/index.php\/wp-json\/wp\/v2\/posts"}],"about":[{"href":"https:\/\/wawa-news.com\/index.php\/wp-json\/wp\/v2\/types\/post"}],"author":[{"embeddable":true,"href":"https:\/\/wawa-news.com\/index.php\/wp-json\/wp\/v2\/users\/5"}],"replies":[{"embeddable":true,"href":"https:\/\/wawa-news.com\/index.php\/wp-json\/wp\/v2\/comments?post=52371"}],"version-history":[{"count":6,"href":"https:\/\/wawa-news.com\/index.php\/wp-json\/wp\/v2\/posts\/52371\/revisions"}],"predecessor-version":[{"id":52382,"href":"https:\/\/wawa-news.com\/index.php\/wp-json\/wp\/v2\/posts\/52371\/revisions\/52382"}],"wp:featuredmedia":[{"embeddable":true,"href":"https:\/\/wawa-news.com\/index.php\/wp-json\/wp\/v2\/media\/52372"}],"wp:attachment":[{"href":"https:\/\/wawa-news.com\/index.php\/wp-json\/wp\/v2\/media?parent=52371"}],"wp:term":[{"taxonomy":"category","embeddable":true,"href":"https:\/\/wawa-news.com\/index.php\/wp-json\/wp\/v2\/categories?post=52371"},{"taxonomy":"post_tag","embeddable":true,"href":"https:\/\/wawa-news.com\/index.php\/wp-json\/wp\/v2\/tags?post=52371"}],"curies":[{"name":"wp","href":"https:\/\/api.w.org\/{rel}","templated":true}]}}