{"id":50695,"date":"2021-12-31T16:58:22","date_gmt":"2021-12-31T21:58:22","guid":{"rendered":"https:\/\/wawa-news.com\/?p=50695"},"modified":"2021-12-31T16:59:17","modified_gmt":"2021-12-31T21:59:17","slug":"declaration-du-premier-ministre-a-loccasion-du-nouvel-an-2","status":"publish","type":"post","link":"https:\/\/wawa-news.com\/index.php\/2021\/12\/31\/declaration-du-premier-ministre-a-loccasion-du-nouvel-an-2\/","title":{"rendered":"D\u00e9claration du premier ministre \u00e0 l\u2019occasion du Nouvel An"},"content":{"rendered":"<p>Le 31 d\u00e9cembre 2021<br \/>\nOttawa (Ontario)<\/p>\n<p>Le premier ministre Justin Trudeau a fait aujourd\u2019hui la d\u00e9claration suivante \u00e0 l\u2019occasion du Nouvel An\u00a0:<\/p>\n<p>\u00ab\u00a0Bonne ann\u00e9e \u00e0 tous!<\/p>\n<p>\u00ab\u00a0Apr\u00e8s une deuxi\u00e8me ann\u00e9e marqu\u00e9e par la pand\u00e9mie de COVID-19, nous aurons l\u2019occasion ce soir de faire une pause et de r\u00e9fl\u00e9chir aux r\u00e9ussites et aux d\u00e9fis que notre pays a connus au cours des 12 derniers mois, et d\u2019envisager l\u2019avenir avec un regain d\u2019espoir et de d\u00e9termination.<\/p>\n<p>\u00ab\u00a0En 2021, la pand\u00e9mie a continu\u00e9 d\u2019avoir des r\u00e9percussions importantes sur nos vies. Nous avons tous d\u00fb faire des sacrifices pour nous prot\u00e9ger les uns les autres. Nous avons perdu des proches et des membres de nos communaut\u00e9s, et beaucoup de gens partout au pays ont perdu leur maison ou leurs moyens de subsistance en raison des conditions m\u00e9t\u00e9orologiques extr\u00eames. Nous avons \u00e9galement \u00e9t\u00e9 confront\u00e9s \u00e0 l\u2019h\u00e9ritage des torts historiques du Canada apr\u00e8s la d\u00e9couverte de tombes et de lieux de s\u00e9pulture anonymes pr\u00e8s d\u2019anciens pensionnats. Cependant, au cours des 12\u00a0derniers mois, nous avons \u00e9galement vu les Canadiens unir leurs efforts, s\u2019adapter aux nouvelles r\u00e9alit\u00e9s et contribuer \u00e0 b\u00e2tir un avenir meilleur \u2013 avec gentillesse, r\u00e9silience et acharnement.<\/p>\n<p>\u00ab\u00a0Alors que les gens ont commenc\u00e9 \u00e0 se saluer avec les coudes plut\u00f4t qu\u2019avec une poign\u00e9e de main et qu\u2019ils ont continu\u00e9 \u00e0 porter le masque, nous avons retrouss\u00e9 nos manches pour nous faire vacciner afin de pouvoir un jour reprendre nos activit\u00e9s pr\u00e9f\u00e9r\u00e9es. Face \u00e0 la menace que posent les nouveaux variants, la vaccination demeure notre meilleur moyen de d\u00e9fense contre la COVID-19, et nous devrons continuer \u00e0 travailler ensemble en 2022 si nous voulons en finir avec cette pand\u00e9mie.<\/p>\n<p>\u00ab\u00a0De l\u2019automne\u00a02020 \u00e0 l\u2019automne\u00a02021, plus d\u2019un million de Canadiens sont retourn\u00e9s au travail et, le mois dernier, le taux de ch\u00f4mage \u00e9tait \u00e0 son niveau le plus bas depuis le d\u00e9but de la pand\u00e9mie. \u00c0 l\u2019aube de la nouvelle ann\u00e9e, le gouvernement reste d\u00e9termin\u00e9 \u00e0 accorder la priorit\u00e9 aux Canadiens et \u00e0 investir dans leur avenir, notamment en leur fournissant le soutien dont ils ont besoin pour traverser cette crise. En 2022, nous continuerons de prendre des mesures concr\u00e8tes pour cr\u00e9er des emplois, redonner aux gens les moyens de devenir propri\u00e9taires et rendre la vie plus abordable pour la classe moyenne et les personnes qui travaillent fort pour en faire partie. Nous veillerons \u00e0 offrir aux familles des services de garde \u00e0 10\u00a0dollars par jour en moyenne, et nous adopterons une approche pancanadienne pour b\u00e2tir un syst\u00e8me de soins de sant\u00e9 plus r\u00e9silient, am\u00e9liorer les soins de longue dur\u00e9e et faciliter l\u2019acc\u00e8s aux services de sant\u00e9 mentale. Il reste beaucoup de travail \u00e0 faire, mais nous saurons relever ce d\u00e9fi et nous continuerons \u00e0 aller de l\u2019avant.<\/p>\n<p>\u00ab\u00a0Les vagues de chaleur sans pr\u00e9c\u00e9dent, les incendies de for\u00eat et les inondations qui ont touch\u00e9 tant de Canadiens au cours de la derni\u00e8re ann\u00e9e nous rappellent durement que les changements climatiques sont bel et bien r\u00e9els et que nous devons nous y attaquer de front. Au cours de la prochaine ann\u00e9e, nous agirons plus rapidement que jamais pour lutter contre la crise climatique, favoriser la cr\u00e9ation d\u2019emplois et la croissance \u00e9conomique et b\u00e2tir un avenir plus propre.<\/p>\n<p>\u00ab\u00a0Cette ann\u00e9e a \u00e9t\u00e9 particuli\u00e8rement difficile pour les peuples autochtones du Canada. Des blessures profondes ont \u00e9t\u00e9 rouvertes lorsque nous avons \u00e9t\u00e9 confront\u00e9s aux dures v\u00e9rit\u00e9s de notre pass\u00e9 et \u00e0 son h\u00e9ritage tragique. Nous devons continuer de mettre au jour ces v\u00e9rit\u00e9s, de soutenir le processus de gu\u00e9rison qui m\u00e8nera \u00e0 la r\u00e9conciliation et de travailler ensemble pour \u00e9liminer les injustices subies par de nombreux peuples autochtones. En 2022, le gouvernement du Canada poursuivra ses efforts en vue de rem\u00e9dier aux s\u00e9quelles des pensionnats et de la trag\u00e9die nationale des femmes, des filles et des personnes 2ELGBTQQIA+ autochtones disparues et assassin\u00e9es, tout en continuant de donner suite aux appels \u00e0 l\u2019action de la Commission de v\u00e9rit\u00e9 et r\u00e9conciliation du Canada et de mettre en \u0153uvre la <em>Loi sur la D\u00e9claration des Nations Unies sur les droits des peuples autochtones<\/em>. Nous acc\u00e9l\u00e9rerons notre travail visant \u00e0 combler les lacunes auxquelles beaucoup trop de membres des Premi\u00e8res Nations, d\u2019Inuits et de M\u00e9tis sont encore confront\u00e9s aujourd\u2019hui. Nous devons nous assurer de poursuivre ce travail en collaboration avec les peuples autochtones afin qu\u2019ils puissent se sentir respect\u00e9s et en s\u00e9curit\u00e9 et avoir une chance juste et \u00e9quitable de r\u00e9ussir.<\/p>\n<p>\u00ab\u00a0Je sais que la force, la d\u00e9termination et la compassion incroyables dont nous avons \u00e9t\u00e9 t\u00e9moins dans nos communaut\u00e9s au cours de la derni\u00e8re ann\u00e9e continueront de nous inspirer et de nous guider dans la nouvelle ann\u00e9e. Ce soir, \u00e0 l\u2019approche de minuit, c\u00e9l\u00e9brons tout ce qui nous unit et engageons-nous de nouveau \u00e0 veiller les uns sur les autres. En nous appuyant sur les dures le\u00e7ons que nous avons apprises au cours des deux derni\u00e8res ann\u00e9es, nous terminerons la lutte contre cette pand\u00e9mie et reb\u00e2tirons un Canada plus fort, plus juste et plus \u00e9quitable. Au nom de notre famille, Sophie et moi vous souhaitons une merveilleuse soir\u00e9e et une tr\u00e8s bonne ann\u00e9e.\u00a0\u00bb<\/p>\n","protected":false},"excerpt":{"rendered":"<p>Le 31 d\u00e9cembre 2021 Ottawa (Ontario) Le premier ministre Justin Trudeau a fait aujourd\u2019hui la d\u00e9claration suivante \u00e0 l\u2019occasion du Nouvel An\u00a0: \u00ab\u00a0Bonne ann\u00e9e \u00e0 tous! \u00ab\u00a0Apr\u00e8s une deuxi\u00e8me ann\u00e9e marqu\u00e9e par la pand\u00e9mie de COVID-19, nous aurons l\u2019occasion ce soir de faire une pause et de r\u00e9fl\u00e9chir aux r\u00e9ussites et aux d\u00e9fis que notre &#8230;<\/p>\n","protected":false},"author":33,"featured_media":0,"comment_status":"open","ping_status":"closed","sticky":false,"template":"","format":"standard","meta":{"footnotes":""},"categories":[41],"tags":[],"class_list":["post-50695","post","type-post","status-publish","format-standard","hentry","category-community"],"publishpress_future_action":{"enabled":false,"date":"2026-05-03 05:11:41","action":"change-status","newStatus":"draft","terms":[],"taxonomy":"category","extraData":[]},"publishpress_future_workflow_manual_trigger":{"enabledWorkflows":[]},"_links":{"self":[{"href":"https:\/\/wawa-news.com\/index.php\/wp-json\/wp\/v2\/posts\/50695","targetHints":{"allow":["GET"]}}],"collection":[{"href":"https:\/\/wawa-news.com\/index.php\/wp-json\/wp\/v2\/posts"}],"about":[{"href":"https:\/\/wawa-news.com\/index.php\/wp-json\/wp\/v2\/types\/post"}],"author":[{"embeddable":true,"href":"https:\/\/wawa-news.com\/index.php\/wp-json\/wp\/v2\/users\/33"}],"replies":[{"embeddable":true,"href":"https:\/\/wawa-news.com\/index.php\/wp-json\/wp\/v2\/comments?post=50695"}],"version-history":[{"count":1,"href":"https:\/\/wawa-news.com\/index.php\/wp-json\/wp\/v2\/posts\/50695\/revisions"}],"predecessor-version":[{"id":50696,"href":"https:\/\/wawa-news.com\/index.php\/wp-json\/wp\/v2\/posts\/50695\/revisions\/50696"}],"wp:attachment":[{"href":"https:\/\/wawa-news.com\/index.php\/wp-json\/wp\/v2\/media?parent=50695"}],"wp:term":[{"taxonomy":"category","embeddable":true,"href":"https:\/\/wawa-news.com\/index.php\/wp-json\/wp\/v2\/categories?post=50695"},{"taxonomy":"post_tag","embeddable":true,"href":"https:\/\/wawa-news.com\/index.php\/wp-json\/wp\/v2\/tags?post=50695"}],"curies":[{"name":"wp","href":"https:\/\/api.w.org\/{rel}","templated":true}]}}