{"id":49530,"date":"2021-11-25T10:10:13","date_gmt":"2021-11-25T15:10:13","guid":{"rendered":"https:\/\/wawa-news.com\/?p=49530"},"modified":"2021-11-25T10:11:13","modified_gmt":"2021-11-25T15:11:13","slug":"declaration-du-premier-ministre-a-loccasion-de-la-journee-internationale-pour-lelimination-de-la-violence-a-legard-des-femmes","status":"publish","type":"post","link":"https:\/\/wawa-news.com\/index.php\/2021\/11\/25\/declaration-du-premier-ministre-a-loccasion-de-la-journee-internationale-pour-lelimination-de-la-violence-a-legard-des-femmes\/","title":{"rendered":"D\u00e9claration du premier ministre \u00e0 l\u2019occasion de la Journ\u00e9e internationale pour l\u2019\u00e9limination de la violence \u00e0 l&#8217;\u00e9gard des femmes"},"content":{"rendered":"<p>Le 25 novembre 2021<br \/>\nOttawa (Ontario)<\/p>\n<p>Le premier ministre Justin Trudeau a fait aujourd&#8217;hui la d\u00e9claration suivante \u00e0 l\u2019occasion de la Journ\u00e9e internationale pour l\u2019\u00e9limination de la violence \u00e0 l&#8217;\u00e9gard des femmes\u00a0:<\/p>\n<p>\u00ab\u00a0Aujourd&#8217;hui, en cette Journ\u00e9e internationale pour l&#8217;\u00e9limination de la violence \u00e0 l&#8217;\u00e9gard des femmes, nous nous rassemblons afin de condamner la misogynie et le sexisme sous toutes leurs formes. Avec une d\u00e9termination in\u00e9branlable, nous continuons d\u2019agir pour mettre fin \u00e0 la violence fond\u00e9e sur le sexe ici, au Canada, et dans le monde. Nous saluons aussi les personnes survivantes, les d\u00e9fenseurs des droits des femmes et les organisations communautaires qui travaillent sans rel\u00e2che tous les jours afin d&#8217;\u00e9liminer la discrimination et la violence \u00e0 l&#8217;\u00e9gard des femmes et des filles et de soutenir les survivantes.<\/p>\n<p>\u00ab\u00a0Vivre dans la peur est une r\u00e9alit\u00e9 que trop de Canadiennes connaissent. Au Canada, plus de quatre femmes sur dix ont subi une forme quelconque de violence psychologique, physique ou sexuelle de la part d\u2019un conjoint ou d\u2019une conjointe. Certaines femmes et filles sont encore plus \u00e0 risque que d\u2019autres d\u2019\u00eatre victimes de violence fond\u00e9e sur le sexe \u00e0 cause de la discrimination et des obstacles suppl\u00e9mentaires auxquels elles se heurtent en raison de leur sexualit\u00e9, de leur race, d\u2019un handicap ou de leur situation sociale ou \u00e9conomique. Depuis le d\u00e9but de la COVID-19, on note une hausse du taux de violence fond\u00e9e sur le sexe dans le monde. Les cons\u00e9quences sociales et \u00e9conomiques des mesures d\u2019urgence de la sant\u00e9 publique ont donn\u00e9 lieu \u00e0 une \u201cpand\u00e9mie de l\u2019ombre\u201d. Elles ont mis en \u00e9vidence les probl\u00e8mes syst\u00e9miques qui m\u00e8nent \u00e0 la violence ainsi que le manque de soutien en mati\u00e8re de pr\u00e9vention de la violence et de protection des personnes \u00e0 risque.<\/p>\n<p>\u00ab\u00a0Le gouvernement du Canada agit en vue de pr\u00e9venir et d\u2019\u00e9liminer la violence fond\u00e9e sur le sexe. Dans le Budget 2021, il a notamment investi plus de 600 millions de dollars sur cinq ans dans l\u2019\u00e9laboration d\u2019un Plan d\u2019action national pour mettre fin \u00e0 la violence fond\u00e9e sur le sexe, qui donne suite \u00e0 la Strat\u00e9gie contre la violence fond\u00e9e sur le sexe du gouvernement f\u00e9d\u00e9ral annonc\u00e9e en 2017, et \u00e0 la Strat\u00e9gie nationale de lutte contre la traite des personnes\u00a0lanc\u00e9e en 2019. De ces fonds, le gouvernement s\u2019est engag\u00e9 \u00e0 investir 30 millions de dollars sur cinq ans pour appuyer les lignes d\u2019aide t\u00e9l\u00e9phoniques qui apportent un soutien aux victimes de violence fond\u00e9e sur le sexe. Depuis le d\u00e9but de la pand\u00e9mie, nous avons investi pr\u00e8s de 300\u00a0millions de dollars pour soutenir les refuges, les centres d\u2019aide aux victimes d\u2019agression sexuelle et les organisations qui viennent en aide aux femmes et aux enfants en situation de violence. Gr\u00e2ce \u00e0 ce financement, ces organisations seront en mesure d\u2019apporter les services et le soutien n\u00e9cessaires aux personnes qui en ont le plus besoin. De plus, l\u2019\u00c9nonc\u00e9 \u00e9conomique de l\u2019automne 2020 pr\u00e9voyait un engagement de 724,1\u00a0millions de dollars pour la mise sur pied d\u2019une strat\u00e9gie globale de pr\u00e9vention de la violence afin d\u2019am\u00e9liorer l\u2019acc\u00e8s \u00e0 un continuum de mesures de soutien culturellement adapt\u00e9es aux femmes, aux enfants et aux personnes LGBTQ2 autochtones, y compris les personnes bispirituelles, victimes de violence fond\u00e9e sur le sexe. Cette strat\u00e9gie pr\u00e9voit la construction de nouveaux refuges et logements de transition destin\u00e9s aux peuples autochtones \u00e0 travers le pays.<\/p>\n<p>\u00ab\u00a0Plus t\u00f4t cette ann\u00e9e, le Plan d\u2019action national 2021 pour les femmes, les filles et les personnes 2ELGBTQQIA+ autochtones disparues et assassin\u00e9es a \u00e9t\u00e9 lanc\u00e9. Il propose des mesures concr\u00e8tes \u00e0 adopter pour mettre fin \u00e0 cette trag\u00e9die nationale. Au m\u00eame moment, en r\u00e9ponse \u00e0 l\u2019enqu\u00eate nationale sur les femmes et les filles autochtones disparues et assassin\u00e9es et au volet f\u00e9d\u00e9ral du Plan d\u2019action national, le gouvernement a lanc\u00e9 la Voie f\u00e9d\u00e9rale. La Voie f\u00e9d\u00e9rale pr\u00e9sente une feuille de route d\u00e9taill\u00e9e permettant d\u2019aborder les causes profondes de la violence fond\u00e9e sur le sexe visant les femmes, les filles et les personnes LGBTQ2 autochtones. Le plan s\u2019articule autour de quatre th\u00e8mes interreli\u00e9s\u00a0: la culture, la sant\u00e9 et le mieux-\u00eatre, la s\u00fbret\u00e9 et la s\u00e9curit\u00e9 des personnes ainsi que la justice. Le gouvernement poursuivra son travail avec les familles et les survivants, les gouvernements et organisations autochtones et ses partenaires provinciaux et territoriaux pour assurer la mise en \u0153uvre de ce plan et susciter les changements transformateurs n\u00e9cessaires pour emp\u00eacher la violence visant les femmes, les filles et les personnes LGBTQ2 autochtones.<\/p>\n<p>\u00ab\u00a0L\u2019\u00e9limination de toutes les formes de violence fond\u00e9e sur le sexe et de pratiques n\u00e9fastes, particuli\u00e8rement celles visant les femmes et les filles dans toute leur diversit\u00e9, est \u00e9galement une priorit\u00e9 du Canada dans le cadre de ses activit\u00e9s internationales. La r\u00e9ponse du Canada \u00e0 la COVID-19 sur la sc\u00e8ne mondiale est ax\u00e9e sur notre Politique d\u2019aide internationale f\u00e9ministe. Ainsi, le Canada s\u2019est donn\u00e9 comme t\u00e2che prioritaire de freiner l\u2019augmentation de la violence fond\u00e9e sur le sexe r\u00e9sultant de la pand\u00e9mie. Il a notamment fourni des services complets aux personnes ayant surv\u00e9cu \u00e0 la violence et appuy\u00e9 le travail essentiel que les organisations locales accomplissent en premi\u00e8re ligne. Le Canada travaille \u00e9galement \u00e0 la pr\u00e9vention de la violence fond\u00e9e sur le sexe dans les \u00c9tats fragiles ou touch\u00e9s par un conflit. Il est d\u2019avis qu\u2019une augmentation de la participation concr\u00e8te des femmes \u00e0 la pr\u00e9vention et au r\u00e8glement des conflits et \u00e0 la consolidation de la paix dans le monde est essentielle \u00e0 l\u2019\u00e9tablissement d\u2019une paix durable. Nous accomplissons ce travail dans le cadre de notre deuxi\u00e8me Plan national d\u2019action du Canada consacr\u00e9 aux femmes, \u00e0 la paix et \u00e0 la s\u00e9curit\u00e9, de l\u2019Initiative Elsie pour la participation des femmes aux op\u00e9rations de paix, et de la Politique d\u2019aide internationale f\u00e9ministe du Canada.<\/p>\n<p>\u00ab\u00a0En ce jour qui marque le d\u00e9but des 16 jours d\u2019activisme contre la violence fond\u00e9e sur le sexe, pensons \u00e0 ce que tout le monde peut faire pour aborder cette question et prot\u00e9ger les droits et le bien\u2011\u00eatre des femmes, des filles et des personnes de diverses identit\u00e9s sexuelles. R\u00e9fl\u00e9chissons aux moyens de mettre fin \u00e0 la violence fond\u00e9e sur le sexe au Canada et dans le monde. J\u2019encourage les Canadiens \u00e0 participer aux activit\u00e9s qui se tiendront sous le th\u00e8me de cette ann\u00e9e, \u201cAu-del\u00e0 des 16 jours\u201d, et d\u2019utiliser le mot\u2011clic #16Jours sur les m\u00e9dias sociaux. En d\u00e9non\u00e7ant les actes de violence fond\u00e9e sur le sexe, nous pouvons b\u00e2tir un avenir plus inclusif, s\u00e9curitaire et prometteur pour tout le monde.\u00a0\u00bb<\/p>\n","protected":false},"excerpt":{"rendered":"<p>Le 25 novembre 2021 Ottawa (Ontario) Le premier ministre Justin Trudeau a fait aujourd&#8217;hui la d\u00e9claration suivante \u00e0 l\u2019occasion de la Journ\u00e9e internationale pour l\u2019\u00e9limination de la violence \u00e0 l&#8217;\u00e9gard des femmes\u00a0: \u00ab\u00a0Aujourd&#8217;hui, en cette Journ\u00e9e internationale pour l&#8217;\u00e9limination de la violence \u00e0 l&#8217;\u00e9gard des femmes, nous nous rassemblons afin de condamner la misogynie et &#8230;<\/p>\n","protected":false},"author":33,"featured_media":0,"comment_status":"open","ping_status":"closed","sticky":false,"template":"","format":"standard","meta":{"footnotes":""},"categories":[39],"tags":[],"class_list":["post-49530","post","type-post","status-publish","format-standard","hentry","category-federal"],"publishpress_future_action":{"enabled":false,"date":"2026-05-06 17:36:57","action":"change-status","newStatus":"draft","terms":[],"taxonomy":"category","extraData":[]},"publishpress_future_workflow_manual_trigger":{"enabledWorkflows":[]},"_links":{"self":[{"href":"https:\/\/wawa-news.com\/index.php\/wp-json\/wp\/v2\/posts\/49530","targetHints":{"allow":["GET"]}}],"collection":[{"href":"https:\/\/wawa-news.com\/index.php\/wp-json\/wp\/v2\/posts"}],"about":[{"href":"https:\/\/wawa-news.com\/index.php\/wp-json\/wp\/v2\/types\/post"}],"author":[{"embeddable":true,"href":"https:\/\/wawa-news.com\/index.php\/wp-json\/wp\/v2\/users\/33"}],"replies":[{"embeddable":true,"href":"https:\/\/wawa-news.com\/index.php\/wp-json\/wp\/v2\/comments?post=49530"}],"version-history":[{"count":1,"href":"https:\/\/wawa-news.com\/index.php\/wp-json\/wp\/v2\/posts\/49530\/revisions"}],"predecessor-version":[{"id":49531,"href":"https:\/\/wawa-news.com\/index.php\/wp-json\/wp\/v2\/posts\/49530\/revisions\/49531"}],"wp:attachment":[{"href":"https:\/\/wawa-news.com\/index.php\/wp-json\/wp\/v2\/media?parent=49530"}],"wp:term":[{"taxonomy":"category","embeddable":true,"href":"https:\/\/wawa-news.com\/index.php\/wp-json\/wp\/v2\/categories?post=49530"},{"taxonomy":"post_tag","embeddable":true,"href":"https:\/\/wawa-news.com\/index.php\/wp-json\/wp\/v2\/tags?post=49530"}],"curies":[{"name":"wp","href":"https:\/\/api.w.org\/{rel}","templated":true}]}}