{"id":45583,"date":"2021-06-21T14:30:25","date_gmt":"2021-06-21T18:30:25","guid":{"rendered":"https:\/\/wawa-news.com\/?p=45583"},"modified":"2021-06-21T14:32:16","modified_gmt":"2021-06-21T18:32:16","slug":"declaration-du-premier-ministre-a-loccasion-de-la-journee-nationale-des-peuples-autochtones-2","status":"publish","type":"post","link":"https:\/\/wawa-news.com\/index.php\/2021\/06\/21\/declaration-du-premier-ministre-a-loccasion-de-la-journee-nationale-des-peuples-autochtones-2\/","title":{"rendered":"D\u00e9claration du premier ministre \u00e0 l&#8217;occasion de la Journ\u00e9e nationale des peuples autochtones"},"content":{"rendered":"<p>Le premier ministre <span class=\"xn-person\">Justin Trudeau<\/span> a fait aujourd&#8217;hui la d\u00e9claration suivante \u00e0 l&#8217;occasion de la Journ\u00e9e nationale des peuples autochtones :<\/p>\n<p>\u00ab\u00a0Aujourd&#8217;hui, \u00e0 l&#8217;occasion de la Journ\u00e9e nationale des peuples autochtones, nous invitons tous les Canadiens \u00e0 d\u00e9couvrir et \u00e0 c\u00e9l\u00e9brer les cultures, les langues et les belles traditions dynamiques et diverses des Premi\u00e8res Nations, des Inuits et des M\u00e9tis. Nous reconnaissons \u00e9galement les importantes contributions que les peuples autochtones ont apport\u00e9es, et continuent d&#8217;apporter, au <span class=\"xn-location\">Canada<\/span>.<\/p>\n<p>\u00ab\u00a0Le solstice d&#8217;\u00e9t\u00e9, le plus long jour de l&#8217;ann\u00e9e, rev\u00eat une grande importance culturelle, historique et spirituelle pour de nombreux peuples et communaut\u00e9s autochtones depuis des g\u00e9n\u00e9rations. Et, il y a 25 ans, le gouvernement du <span class=\"xn-location\">Canada<\/span> ainsi que des organisations autochtones ont choisi le 21\u00a0juin pour c\u00e9l\u00e9brer la Journ\u00e9e nationale des peuples autochtones.<\/p>\n<p>\u00ab\u00a0Alors que nous c\u00e9l\u00e9brons aujourd&#8217;hui les peuples autochtones d&#8217;un oc\u00e9an \u00e0 l&#8217;autre, nous devons \u00e9galement reconna\u00eetre qu&#8217;il reste beaucoup de travail \u00e0 faire sur l&#8217;important chemin de la r\u00e9conciliation. La r\u00e9cente d\u00e9couverte tragique de restes humains pr\u00e8s de l&#8217;ancien pensionnat de <span class=\"xn-location\">Kamloops<\/span> sert de rappel brutal de l&#8217;oppression, des in\u00e9galit\u00e9s et de la discrimination syst\u00e9miques que les peuples autochtones ont subies au fil des ann\u00e9es, des d\u00e9cennies et des si\u00e8cles, ainsi que les injustices et les d\u00e9fis auxquels ils sont toujours confront\u00e9s aujourd&#8217;hui.<\/p>\n<p>\u00ab\u00a0Au sein du r\u00e9gime des pensionnats, au moins 150 000 enfants autochtones ont \u00e9t\u00e9 s\u00e9par\u00e9s de force de leurs parents et de leur communaut\u00e9, et emmen\u00e9s dans des lieux o\u00f9 leur langue et leur culture \u00e9taient interdites dans le but de les \u00e9liminer. Ces enfants ont souffert d&#8217;abus \u00e9motionnels, physiques et sexuels. La Commission de v\u00e9rit\u00e9 et r\u00e9conciliation a \u00e9galement r\u00e9v\u00e9l\u00e9 que des milliers d&#8217;enfants envoy\u00e9s dans ces pensionnats ne sont jamais retourn\u00e9s chez eux. Il se peut que nous ne connaissions jamais le nombre exact d&#8217;enfants d\u00e9c\u00e9d\u00e9s et il est bouleversant de savoir que bien des parents n&#8217;ont jamais su ce qu&#8217;il \u00e9tait arriv\u00e9 \u00e0 leur enfant. Le traumatisme interg\u00e9n\u00e9rationnel v\u00e9cu par ces familles se poursuit de nos jours, et nous devons continuer de nous assurer que nous apportons les services de soutien n\u00e9cessaires \u00e0 ceux qui ont \u00e9t\u00e9 traumatis\u00e9s \u00e0 nouveau par les r\u00e9cents \u00e9v\u00e9nements.\u00a0Nous ne devons jamais oublier ces \u00e2mes innocentes perdues\u00a0: cela doit constituer notre engagement collectif \u00e0 l&#8217;\u00e9gard de la r\u00e9conciliation.<\/p>\n<p>\u00ab\u00a0Le gouvernement du <span class=\"xn-location\">Canada<\/span> continue de demander \u00e0 l&#8217;\u00c9glise catholique de pr\u00e9senter des excuses officielles aux peuples autochtones touch\u00e9s par le r\u00e9gime des pensionnats. La prise de responsabilit\u00e9 est l&#8217;un des appels \u00e0 l&#8217;action de la Commission de v\u00e9rit\u00e9 et r\u00e9conciliation, et constitue une \u00e9tape essentielle pour faire progresser les efforts de v\u00e9rit\u00e9 et de r\u00e9conciliation au <span class=\"xn-location\">Canada<\/span>.<\/p>\n<p>\u00ab\u00a0Nous devons \u00e9galement reconna\u00eetre, honorer et respecter ceux qui sont d\u00e9c\u00e9d\u00e9s. Nous avons r\u00e9cemment fait de la Journ\u00e9e nationale de la v\u00e9rit\u00e9 et de la r\u00e9conciliation, le 30 septembre, un jour f\u00e9ri\u00e9 f\u00e9d\u00e9ral. L&#8217;objectif est d&#8217;encourager les Canadiens \u00e0 s&#8217;informer et \u00e0 r\u00e9fl\u00e9chir sur l&#8217;histoire et les v\u00e9rit\u00e9s actuelles de notre pays, ainsi qu&#8217;\u00e0 comm\u00e9morer les survivants, leurs familles et leurs communaut\u00e9s, comme l&#8217;ont demand\u00e9 la Commission de v\u00e9rit\u00e9 et r\u00e9conciliation et les dirigeants autochtones.<\/p>\n<p>\u00ab\u00a0Il ne suffit pas de s&#8217;excuser pour ces trag\u00e9dies. Nous devons r\u00e9parer les torts du pass\u00e9 et relever les d\u00e9fis actuels, et nous ne pouvons y parvenir qu&#8217;en agissant. C&#8217;est pourquoi le gouvernement du <span class=\"xn-location\">Canada<\/span> travaille en partenariat avec les peuples autochtones, les provinces et les territoires pour mettre en \u0153uvre les appels \u00e0 l&#8217;action de la Commission de v\u00e9rit\u00e9 et r\u00e9conciliation. Soixante-seize des 94 appels \u00e0 l&#8217;action du rapport rel\u00e8vent de la responsabilit\u00e9 unique ou partag\u00e9e du gouvernement f\u00e9d\u00e9ral, et nous avons r\u00e9pondu, ou sommes en voie de r\u00e9pondre \u00e0 plus de 80\u00a0% d&#8217;entre eux. Notre priorit\u00e9 est de donner suite \u00e0 chacun de ces appels \u00e0 l&#8217;action.<\/p>\n<p>\u00ab\u00a0Le 3 juin, deux ans apr\u00e8s la publication de &#8220;R\u00e9clamer notre pouvoir et notre place : le rapport final de l&#8217;Enqu\u00eate nationale sur les femmes et les filles autochtones disparues et assassin\u00e9es&#8221;, le gouvernement du <span class=\"xn-location\">Canada<\/span> a lanc\u00e9 la Voie f\u00e9d\u00e9rale. Il s&#8217;agit de la contribution du gouvernement au &#8220;Plan d&#8217;action national 2021\u00a0: Mettre fin \u00e0 la violence contre les femmes, les filles et les personnes 2ELGBTQQIA+\u00a0autochtones&#8221;. Le Budget\u00a02021 propose \u00e9galement des investissements sans pr\u00e9c\u00e9dent pour appuyer la mise en \u0153uvre des initiatives de la Voie f\u00e9d\u00e9rale, cr\u00e9er un avenir plus s\u00fbr pour les peuples autochtones et aider \u00e0 mettre fin \u00e0 cette trag\u00e9die nationale.<\/p>\n<p>\u00ab\u00a0Il incombe au gouvernement du <span class=\"xn-location\">Canada<\/span> de transformer de mani\u00e8re concr\u00e8te les institutions f\u00e9d\u00e9rales. Nous devons continuer \u00e0 examiner nos lois et nos politiques pour trouver des moyens d&#8217;am\u00e9liorer les r\u00e9sultats pour les peuples autochtones et pour tous les Canadiens. Nous devons \u00e9galement proc\u00e9der \u00e0 la refonte ou \u00e0 l&#8217;\u00e9laboration de lois et de politiques qui s&#8217;inscrivent dans cet objectif, en partenariat avec les peuples autochtones.<\/p>\n<p>\u00ab\u00a0Nous passons de la parole aux actes. Aujourd&#8217;hui, le Parlement adoptera une loi visant \u00e0 faire des progr\u00e8s dans la mise en \u0153uvre de la D\u00e9claration des Nations Unies sur les droits des peuples autochtones. Les dirigeants autochtones, la Commission de v\u00e9rit\u00e9 et r\u00e9conciliation et l&#8217;Enqu\u00eate nationale sur les femmes et les filles autochtones disparues ou assassin\u00e9es ont tous indiqu\u00e9 que la D\u00e9claration constitue une feuille de route permettant au gouvernement f\u00e9d\u00e9ral de travailler en partenariat avec les peuples autochtones afin de favoriser la r\u00e9conciliation. Cette nouvelle loi est une initiative sans pr\u00e9c\u00e9dent pour permettre la reconnaissance, la protection et le respect des droits fondamentaux des peuples autochtones dans leur int\u00e9gralit\u00e9. Par la mise en \u0153uvre de la D\u00e9claration, nous appuyons davantage l&#8217;\u00e9galit\u00e9 sociale et \u00e9conomique, encourageons la participation \u00e9conomique et prot\u00e9geons la gouvernance et les lois, les terres et les territoires, les cultures et les langues autochtones.<\/p>\n<p>\u00ab\u00a0Nous avons \u00e9galement r\u00e9alis\u00e9 des progr\u00e8s concrets en vue de r\u00e9soudre les probl\u00e8mes \u00e0 long terme et les \u00e9carts qui persistent concernant les peuples et les communaut\u00e9s autochtones. Au moyen du principe de <span class=\"xn-location\">Jordan<\/span>, le gouvernement f\u00e9d\u00e9ral s&#8217;est engag\u00e9 \u00e0 offrir aux enfants des Premi\u00e8res Nations vivant \u00e0 l&#8217;int\u00e9rieur et \u00e0 l&#8217;ext\u00e9rieur des r\u00e9serves un acc\u00e8s \u00e9quitable aux services publics financ\u00e9s par le gouvernement. Depuis 2016, plus de 911\u00a0000\u00a0produits, services et mesures de soutien ont \u00e9t\u00e9 approuv\u00e9s en vertu du principe de <span class=\"xn-location\">Jordan<\/span>. Il s&#8217;agit notamment de services d&#8217;orthophonie, du soutien \u00e9ducatif, de l&#8217;\u00e9quipement m\u00e9dical, de services de sant\u00e9 mentale et plus encore. Nous restons \u00e9galement d\u00e9termin\u00e9s \u00e0 travailler en collaboration avec nos partenaires autochtones pour soutenir l&#8217;acc\u00e8s des \u00e9l\u00e8ves autochtones \u00e0 une \u00e9ducation s\u00fbre et de qualit\u00e9 qui r\u00e9pond \u00e0 leurs besoins uniques et les aide \u00e0 avoir le meilleur d\u00e9part possible dans la vie. Par ailleurs, avec le soutien du gouvernement du <span class=\"xn-location\">Canada<\/span>, les communaut\u00e9s des Premi\u00e8res Nations ont lev\u00e9 plus de 100 avis de longue dur\u00e9e sur l&#8217;eau potable. Ce ne sont l\u00e0 que quelques exemples de ce que nous avons accompli, mais il reste beaucoup de travail \u00e0 faire.<\/p>\n<p>\u00ab\u00a0Nous avons tous un r\u00f4le \u00e0 jouer pour dire la v\u00e9rit\u00e9 sur notre pass\u00e9 et lutter contre les injustices syst\u00e9miques dont les peuples et communaut\u00e9s autochtones sont encore victimes aujourd&#8217;hui. Le gouvernement du <span class=\"xn-location\">Canada<\/span> continuera de s&#8217;employer \u00e0 faire mieux pour que les peuples autochtones \u00e0 travers le pays se sentent en s\u00e9curit\u00e9 et respect\u00e9s, et aient une chance r\u00e9elle et \u00e9quitable de r\u00e9ussir. Ce n&#8217;est que par des actions concr\u00e8tes, et en travaillant ensemble, que nous pourrons tracer la voie vers un avenir meilleur.\u00a0\u00bb<\/p>\n","protected":false},"excerpt":{"rendered":"<p>Le premier ministre Justin Trudeau a fait aujourd&#8217;hui la d\u00e9claration suivante \u00e0 l&#8217;occasion de la Journ\u00e9e nationale des peuples autochtones : \u00ab\u00a0Aujourd&#8217;hui, \u00e0 l&#8217;occasion de la Journ\u00e9e nationale des peuples autochtones, nous invitons tous les Canadiens \u00e0 d\u00e9couvrir et \u00e0 c\u00e9l\u00e9brer les cultures, les langues et les belles traditions dynamiques et diverses des Premi\u00e8res Nations, &#8230;<\/p>\n","protected":false},"author":33,"featured_media":45571,"comment_status":"open","ping_status":"closed","sticky":false,"template":"","format":"standard","meta":{"footnotes":""},"categories":[41],"tags":[],"class_list":["post-45583","post","type-post","status-publish","format-standard","has-post-thumbnail","hentry","category-community"],"publishpress_future_action":{"enabled":false,"date":"2026-05-05 03:06:42","action":"change-status","newStatus":"draft","terms":[],"taxonomy":"category","extraData":[]},"publishpress_future_workflow_manual_trigger":{"enabledWorkflows":[]},"_links":{"self":[{"href":"https:\/\/wawa-news.com\/index.php\/wp-json\/wp\/v2\/posts\/45583","targetHints":{"allow":["GET"]}}],"collection":[{"href":"https:\/\/wawa-news.com\/index.php\/wp-json\/wp\/v2\/posts"}],"about":[{"href":"https:\/\/wawa-news.com\/index.php\/wp-json\/wp\/v2\/types\/post"}],"author":[{"embeddable":true,"href":"https:\/\/wawa-news.com\/index.php\/wp-json\/wp\/v2\/users\/33"}],"replies":[{"embeddable":true,"href":"https:\/\/wawa-news.com\/index.php\/wp-json\/wp\/v2\/comments?post=45583"}],"version-history":[{"count":2,"href":"https:\/\/wawa-news.com\/index.php\/wp-json\/wp\/v2\/posts\/45583\/revisions"}],"predecessor-version":[{"id":45585,"href":"https:\/\/wawa-news.com\/index.php\/wp-json\/wp\/v2\/posts\/45583\/revisions\/45585"}],"wp:featuredmedia":[{"embeddable":true,"href":"https:\/\/wawa-news.com\/index.php\/wp-json\/wp\/v2\/media\/45571"}],"wp:attachment":[{"href":"https:\/\/wawa-news.com\/index.php\/wp-json\/wp\/v2\/media?parent=45583"}],"wp:term":[{"taxonomy":"category","embeddable":true,"href":"https:\/\/wawa-news.com\/index.php\/wp-json\/wp\/v2\/categories?post=45583"},{"taxonomy":"post_tag","embeddable":true,"href":"https:\/\/wawa-news.com\/index.php\/wp-json\/wp\/v2\/tags?post=45583"}],"curies":[{"name":"wp","href":"https:\/\/api.w.org\/{rel}","templated":true}]}}