{"id":45428,"date":"2021-06-14T07:59:22","date_gmt":"2021-06-14T11:59:22","guid":{"rendered":"https:\/\/wawa-news.com\/?p=45428"},"modified":"2021-06-13T22:08:27","modified_gmt":"2021-06-14T02:08:27","slug":"le-csc-nouvelon-celebrera-ses-400-finissantes-et-finissants-2","status":"publish","type":"post","link":"https:\/\/wawa-news.com\/index.php\/2021\/06\/14\/le-csc-nouvelon-celebrera-ses-400-finissantes-et-finissants-2\/","title":{"rendered":"Le CSC Nouvelon c\u00e9l\u00e9brera ses 400 finissantes et finissants"},"content":{"rendered":"<p>Plus de 400 \u00e9l\u00e8ves de la 12e ann\u00e9e des dix \u00e9coles secondaires du Conseil scolaire catholique Nouvelon seront \u00e0 l\u2019honneur les 16, 17, 22, 24, 28 et 29 juin prochains. Afin de veiller \u00e0 la sant\u00e9 et au bien-\u00eatre des \u00e9l\u00e8ves et de son personnel, les \u00e9coles secondaires valoriseront leurs \u00e9l\u00e8ves en diffusant une c\u00e9l\u00e9bration des finissantes et finissants en format virtuel. Les \u00e9coles secondaires pourront bonifier cette activit\u00e9 de reconnaissance avec la remise de certificats de m\u00e9rites, de toges et mortiers, et autres \u00e9l\u00e9ments de valorisation en format service-au-volant aux \u00e9l\u00e8ves.<\/p>\n<p>&nbsp;<\/p>\n<p>\u00ab\u00a0Nous souhaitons beaucoup de succ\u00e8s \u00e0 nos finissantes et finissants dans les prochaines \u00e9tapes de leur vie. Nous les encourageons de puiser dans le riche bagage de connaissances qu\u2019ils ont pu acqu\u00e9rir dans les \u00e9coles du CSC Nouvelon et de demeurer de jeunes citoyens \u00e9panouis fiers d\u2019\u00eatre catholiques et francophones pr\u00eats \u00e0 prendre leur place dans la soci\u00e9t\u00e9,\u00a0\u00bb d\u00e9clare M. Andr\u00e9 Bidal, pr\u00e9sident du CSC Nouvelon.<\/p>\n<p>\u00ab\u00a0Nous f\u00e9licitions nos finissantes et finissants de s\u2019\u00eatre si bien appuy\u00e9 sur leurs habilet\u00e9s technologiques et d\u2019avoir fait preuve de t\u00e9nacit\u00e9 et de r\u00e9silience. Gr\u00e2ce \u00e0 cet effort ainsi qu\u2019\u00e0 leur capacit\u00e9 de se surpasser et de relever de nouveaux d\u00e9fis, nos \u00e9l\u00e8ves peuvent \u00eatre fiers d\u2019avoir compl\u00e9t\u00e9 leur parcours au secondaire avec brio et peuvent regarder vers l\u2019avenir avec confiance\u00a0\u00bb, explique M. Paul Henry, directeur de l\u2019\u00e9ducation au CSC Nouvelon.<\/p>\n<p>&nbsp;<\/p>\n<p><strong>Horaire des c\u00e9r\u00e9monies virtuelles des finissantes et des finissants des \u00e9coles du CSC Nouvelon<\/strong><\/p>\n<table style=\"height: 645px;\" width=\"600\">\n<tbody>\n<tr>\n<td width=\"400\"><strong>\u00c9coles secondaires du CSC Nouvelon<\/strong><\/td>\n<td width=\"222\"><strong>Date et heure<\/strong><\/td>\n<\/tr>\n<tr>\n<td width=\"400\">\u00c9cole secondaire catholique Jeunesse-Nord (Blind River)<\/td>\n<td width=\"222\">Mercredi 16 juin \u00e0 18 h<\/td>\n<\/tr>\n<tr>\n<td width=\"400\">\u00c9cole secondaire catholique l\u2019Horizon (Val Caron)<\/td>\n<td width=\"222\">Jeudi 17 juin \u00e0 18\u00a0h<\/td>\n<\/tr>\n<tr>\n<td width=\"400\"><strong>\u00c9cole secondaire catholique Trillium (Chapleau)<\/strong><\/td>\n<td width=\"222\"><strong>Mardi 22 juin \u00e0 19 h<\/strong><\/td>\n<\/tr>\n<tr>\n<td width=\"400\">\u00c9cole secondaire catholique Champlain (Chelmsford)<\/td>\n<td width=\"222\">Jeudi 24 juin \u00e0 19 h<\/td>\n<\/tr>\n<tr>\n<td width=\"400\">\u00c9cole secondaire catholique La Renaissance (Espanola)<\/td>\n<td width=\"222\">Jeudi 24 juin \u00e0 19 h<\/td>\n<\/tr>\n<tr>\n<td width=\"400\"><strong>\u00c9cole secondaire Saint-Joseph (Wawa)<\/strong><\/td>\n<td width=\"222\"><strong>Jeudi 24 juin \u00e0 19 h<\/strong><\/td>\n<\/tr>\n<tr>\n<td width=\"400\">Coll\u00e8ge Notre-Dame (Sudbury)<\/td>\n<td width=\"222\">Lundi 28 juin \u00e0 18\u00a0h 30<\/td>\n<\/tr>\n<tr>\n<td width=\"400\">\u00c9cole secondaire du Sacr\u00e9-C\u0153ur (Sudbury)<\/td>\n<td width=\"222\">Mardi 29 juin \u00e0 19\u00a0h<\/td>\n<\/tr>\n<tr>\n<td width=\"400\">\u00c9cole secondaire Notre-du-Sault (Sault-Ste-Marie)<\/td>\n<td width=\"222\">Mardi 29 juin \u00e0 18\u00a0h 30<\/td>\n<\/tr>\n<\/tbody>\n<\/table>\n<p>&nbsp;<\/p>\n","protected":false},"excerpt":{"rendered":"<p>Plus de 400 \u00e9l\u00e8ves de la 12e ann\u00e9e des dix \u00e9coles secondaires du Conseil scolaire catholique Nouvelon seront \u00e0 l\u2019honneur les 16, 17, 22, 24, 28 et 29 juin prochains. Afin de veiller \u00e0 la sant\u00e9 et au bien-\u00eatre des \u00e9l\u00e8ves et de son personnel, les \u00e9coles secondaires valoriseront leurs \u00e9l\u00e8ves en diffusant une c\u00e9l\u00e9bration &#8230;<\/p>\n","protected":false},"author":3,"featured_media":0,"comment_status":"open","ping_status":"closed","sticky":false,"template":"","format":"standard","meta":{"footnotes":""},"categories":[44],"tags":[],"class_list":["post-45428","post","type-post","status-publish","format-standard","hentry","category-education"],"publishpress_future_action":{"enabled":false,"date":"2026-05-06 06:42:25","action":"change-status","newStatus":"draft","terms":[],"taxonomy":"category","extraData":[]},"publishpress_future_workflow_manual_trigger":{"enabledWorkflows":[]},"_links":{"self":[{"href":"https:\/\/wawa-news.com\/index.php\/wp-json\/wp\/v2\/posts\/45428","targetHints":{"allow":["GET"]}}],"collection":[{"href":"https:\/\/wawa-news.com\/index.php\/wp-json\/wp\/v2\/posts"}],"about":[{"href":"https:\/\/wawa-news.com\/index.php\/wp-json\/wp\/v2\/types\/post"}],"author":[{"embeddable":true,"href":"https:\/\/wawa-news.com\/index.php\/wp-json\/wp\/v2\/users\/3"}],"replies":[{"embeddable":true,"href":"https:\/\/wawa-news.com\/index.php\/wp-json\/wp\/v2\/comments?post=45428"}],"version-history":[{"count":2,"href":"https:\/\/wawa-news.com\/index.php\/wp-json\/wp\/v2\/posts\/45428\/revisions"}],"predecessor-version":[{"id":45430,"href":"https:\/\/wawa-news.com\/index.php\/wp-json\/wp\/v2\/posts\/45428\/revisions\/45430"}],"wp:attachment":[{"href":"https:\/\/wawa-news.com\/index.php\/wp-json\/wp\/v2\/media?parent=45428"}],"wp:term":[{"taxonomy":"category","embeddable":true,"href":"https:\/\/wawa-news.com\/index.php\/wp-json\/wp\/v2\/categories?post=45428"},{"taxonomy":"post_tag","embeddable":true,"href":"https:\/\/wawa-news.com\/index.php\/wp-json\/wp\/v2\/tags?post=45428"}],"curies":[{"name":"wp","href":"https:\/\/api.w.org\/{rel}","templated":true}]}}