{"id":42752,"date":"2021-03-11T08:19:24","date_gmt":"2021-03-11T13:19:24","guid":{"rendered":"https:\/\/wawa-news.com\/?p=42752"},"modified":"2021-03-11T08:23:06","modified_gmt":"2021-03-11T13:23:06","slug":"aujourdhui-le-premier-ministre-doug-ford-a-emis-la-declaration-suivante-pour-souligner-les-jalons-importants-franchis-depuis-que-la-covid-19-a-ete-declaree-pandemie-mondiale-par-lorganisation-mon","status":"publish","type":"post","link":"https:\/\/wawa-news.com\/index.php\/2021\/03\/11\/aujourdhui-le-premier-ministre-doug-ford-a-emis-la-declaration-suivante-pour-souligner-les-jalons-importants-franchis-depuis-que-la-covid-19-a-ete-declaree-pandemie-mondiale-par-lorganisation-mon\/","title":{"rendered":"L&#8217;Ontario marque le 1er anniversaire de la pand\u00e9mie de la COVID-19"},"content":{"rendered":"<div>\n<p>Aujourd&#8217;hui, le premier ministre Doug Ford a \u00e9mis la d\u00e9claration suivante pour souligner les jalons importants franchis depuis que la COVID-19 a \u00e9t\u00e9 d\u00e9clar\u00e9e pand\u00e9mie mondiale par l&#8217;Organisation mondiale de la sant\u00e9 le 11 mars 2020 :<\/p>\n<\/div>\n<div>\n<p style=\"padding-left: 40px;\"><em>\u00ab Il y a un an aujourd&#8217;hui, l&#8217;Organisation mondiale de la sant\u00e9 a d\u00e9clar\u00e9 que la COVID-19 \u00e9tait une pand\u00e9mie mondiale, marquant le d\u00e9but de l&#8217;un des chapitres les plus sombres de l&#8217;histoire sanitaire moderne. L&#8217;Ontario a malheureusement perdu plus de 7\u00a0000 vies en raison de ce virus mortel. Nous offrons nos plus sinc\u00e8res condol\u00e9ances aux familles, aux amis, aux coll\u00e8gues et \u00e0 celles et ceux qui ont \u00e9t\u00e9 touch\u00e9s par ces pertes de vie tragiques.<\/em><\/p>\n<p style=\"padding-left: 40px;\"><em>Au cours de la derni\u00e8re ann\u00e9e, la majorit\u00e9 des gens ont respect\u00e9 les restrictions de sant\u00e9 publique pour freiner la propagation, et nous reconnaissons le fardeau extraordinaire que cette situation a impos\u00e9 aux personnes, aux familles et aux entreprises de l&#8217;Ontario. L&#8217;incertitude cr\u00e9\u00e9e par la pand\u00e9mie a \u00e9galement eu un effet d\u00e9vastateur sur notre sant\u00e9 mentale collective, surtout chez les jeunes qui ont d\u00fb mettre leur vie en suspens et chez les personnes \u00e2g\u00e9es qui ont d\u00fb s&#8217;isoler de leurs amis et de leur famille.<\/em><\/p>\n<p style=\"padding-left: 40px;\"><em>Mais cette crise a \u00e9t\u00e9 ponctu\u00e9e par des actes incroyables de bont\u00e9, de compassion et de g\u00e9n\u00e9rosit\u00e9.<\/em><\/p>\n<p style=\"padding-left: 40px;\"><em>Nos travailleuses et travailleurs de la sant\u00e9 de premi\u00e8re ligne se sont mobilis\u00e9s dans nos h\u00f4pitaux, nos foyers de soins de longue dur\u00e9e et nos \u00e9tablissements de soins collectifs pour soigner nos citoyennes et citoyens malades et les plus vuln\u00e9rables, et nos bureaux de sant\u00e9 publique ont dirig\u00e9 les efforts d&#8217;intervention locaux et ont travaill\u00e9 pour prot\u00e9ger la sant\u00e9 de nos communaut\u00e9s. Des entreprises de toute la province ont restructur\u00e9 leurs activit\u00e9s pour produire de l&#8217;\u00e9quipement de protection individuelle, des masques, des blouses, des gants, des \u00e9crans faciaux et du d\u00e9sinfectant pour les mains en vue de prot\u00e9ger nos travailleuses et travailleurs essentiels. Une arm\u00e9e de b\u00e9n\u00e9voles s&#8217;est manifest\u00e9e pour aider leurs prochains en posant des gestes incroyables de bont\u00e9, comme la livraison de repas \u00e0 nos a\u00een\u00e9s.<\/em><\/p>\n<p style=\"padding-left: 40px;\"><em>Nous avons \u00e9galement \u00e9t\u00e9 t\u00e9moins de l&#8217;immense d\u00e9termination et des sacrifices personnels de nos travailleuses et travailleurs essentiels, notamment les premiers intervenants qui assurent notre s\u00e9curit\u00e9, les personnes qui travaillent dans le secteur agroalimentaire et qui veillent \u00e0 ce que nous ayons de la nourriture sur nos tables, ainsi que les personnes qui exploitent nos r\u00e9seaux de transport en commun, nos r\u00e9seaux d&#8217;aqueduc et d&#8217;\u00e9nergie afin de s&#8217;assurer que nous continuons \u00e0 recevoir les services de base sur lesquels nous comptons tous chaque jour.<\/em><\/p>\n<p style=\"padding-left: 40px;\"><em>Maintenant, avec l&#8217;approbation de quatre vaccins au Canada, j&#8217;ai bon espoir que cela pourrait marquer le d\u00e9but de la fin de la COVID-19.<\/em><\/p>\n<p style=\"padding-left: 40px;\"><em>Je peux assurer chacune et chacun d&#8217;entre vous que nous disposons d&#8217;un plan exhaustif de distribution des vaccins et que nous faisons des progr\u00e8s constants. \u00c0 ce jour, nous avons administr\u00e9 plus d&#8217;un million de doses de vaccins contre la COVID-19 et nous continuons d&#8217;\u00eatre en t\u00eate de liste au pays pour le nombre de vaccinations r\u00e9alis\u00e9es, qui comprend la majorit\u00e9 des r\u00e9sidents et du personnel de nos foyers de soins de longue dur\u00e9e et nos maisons de retraite.<\/em><\/p>\n<p style=\"padding-left: 40px;\"><em>Pour administrer davantage de vaccins, nous continuons de mobiliser des forces sur le terrain, les membres d&#8217;\u00c9quipe Ontario. Nous \u00e9largissons les canaux de distribution des vaccins pour inclure les pharmacies, les \u00e9tablissements de soins primaires, les cliniques mobiles et davantage de cliniques de vaccination de masse. Notre plus grand espoir r\u00e9side toujours dans les vaccins. Si nous pouvons obtenir un approvisionnement r\u00e9gulier et pr\u00e9visible du gouvernement f\u00e9d\u00e9ral, nous commencerons \u00e0 entamer la\u00a0deuxi\u00e8me phase de notre plan de distribution de vaccins contre la COVID-19\u00a0le mois prochain, en \u00e9largissant le nombre de personnes admissibles \u00e0 recevoir un vaccin. Notre objectif global est de vacciner jusqu&#8217;\u00e0 neuf millions d&#8217;Ontariennes et d&#8217;Ontariens \u00e0 l&#8217;\u00e9chelle de la province entre avril 2021 et juillet 2021.<\/em><\/p>\n<p style=\"padding-left: 40px;\"><em>Les Ontariennes et Ontariens se soucient beaucoup les uns des autres et si nous travaillons tous ensemble dans la m\u00eame direction, en tant que membres d&#8217;\u00c9quipe Ontario, notre campagne de vaccination conna\u00eetra un succ\u00e8s retentissant et nous sauverons des vies, j&#8217;en suis persuad\u00e9.<\/em><\/p>\n<p style=\"padding-left: 40px;\"><em>Bien que nous ayons fait des progr\u00e8s, les variants pr\u00e9occupants posent un grave risque. Jusqu&#8217;\u00e0 ce que les vaccins soient largement administr\u00e9s, chacun doit suivre les conseils et les mesures de sant\u00e9 publique pour se prot\u00e9ger et prot\u00e9ger ses proches. Ne baissez pas votre garde.<\/em><\/p>\n<p style=\"padding-left: 40px;\"><em>Je sais que l&#8217;ann\u00e9e qui vient de s&#8217;\u00e9couler a \u00e9t\u00e9 extr\u00eamement difficile, mais la population de l&#8217;Ontario est r\u00e9siliente et je suis convaincu que nous traverserons cette crise ensemble. \u00bb<\/em><\/p>\n<\/div>\n","protected":false},"excerpt":{"rendered":"<p>Aujourd&#8217;hui, le premier ministre Doug Ford a \u00e9mis la d\u00e9claration suivante pour souligner les jalons importants franchis depuis que la COVID-19 a \u00e9t\u00e9 d\u00e9clar\u00e9e pand\u00e9mie mondiale par l&#8217;Organisation mondiale de la sant\u00e9 le 11 mars 2020 : \u00ab Il y a un an aujourd&#8217;hui, l&#8217;Organisation mondiale de la sant\u00e9 a d\u00e9clar\u00e9 que la COVID-19 \u00e9tait &#8230;<\/p>\n","protected":false},"author":46,"featured_media":31649,"comment_status":"open","ping_status":"closed","sticky":false,"template":"","format":"standard","meta":{"footnotes":""},"categories":[40],"tags":[],"class_list":["post-42752","post","type-post","status-publish","format-standard","has-post-thumbnail","hentry","category-local"],"publishpress_future_action":{"enabled":false,"date":"2026-05-10 04:28:14","action":"change-status","newStatus":"draft","terms":[],"taxonomy":"category","extraData":[]},"publishpress_future_workflow_manual_trigger":{"enabledWorkflows":[]},"_links":{"self":[{"href":"https:\/\/wawa-news.com\/index.php\/wp-json\/wp\/v2\/posts\/42752","targetHints":{"allow":["GET"]}}],"collection":[{"href":"https:\/\/wawa-news.com\/index.php\/wp-json\/wp\/v2\/posts"}],"about":[{"href":"https:\/\/wawa-news.com\/index.php\/wp-json\/wp\/v2\/types\/post"}],"author":[{"embeddable":true,"href":"https:\/\/wawa-news.com\/index.php\/wp-json\/wp\/v2\/users\/46"}],"replies":[{"embeddable":true,"href":"https:\/\/wawa-news.com\/index.php\/wp-json\/wp\/v2\/comments?post=42752"}],"version-history":[{"count":3,"href":"https:\/\/wawa-news.com\/index.php\/wp-json\/wp\/v2\/posts\/42752\/revisions"}],"predecessor-version":[{"id":42755,"href":"https:\/\/wawa-news.com\/index.php\/wp-json\/wp\/v2\/posts\/42752\/revisions\/42755"}],"wp:featuredmedia":[{"embeddable":true,"href":"https:\/\/wawa-news.com\/index.php\/wp-json\/wp\/v2\/media\/31649"}],"wp:attachment":[{"href":"https:\/\/wawa-news.com\/index.php\/wp-json\/wp\/v2\/media?parent=42752"}],"wp:term":[{"taxonomy":"category","embeddable":true,"href":"https:\/\/wawa-news.com\/index.php\/wp-json\/wp\/v2\/categories?post=42752"},{"taxonomy":"post_tag","embeddable":true,"href":"https:\/\/wawa-news.com\/index.php\/wp-json\/wp\/v2\/tags?post=42752"}],"curies":[{"name":"wp","href":"https:\/\/api.w.org\/{rel}","templated":true}]}}