{"id":38078,"date":"2020-10-26T13:47:51","date_gmt":"2020-10-26T17:47:51","guid":{"rendered":"https:\/\/wawa-news.com\/?p=38078"},"modified":"2020-10-26T14:41:47","modified_gmt":"2020-10-26T18:41:47","slug":"on-souligne-la-journee-internationale-des-filles-a-les-saint-joseph","status":"publish","type":"post","link":"https:\/\/wawa-news.com\/index.php\/2020\/10\/26\/on-souligne-la-journee-internationale-des-filles-a-les-saint-joseph\/","title":{"rendered":"On souligne la Journ\u00e9e internationale des filles \u00e0 l\u2019\u00c9S Saint-Joseph!"},"content":{"rendered":"<p><a href=\"https:\/\/wawa-news.com\/wp-content\/uploads\/2020\/10\/Screen-Shot-2020-10-26-at-1.46.35-PM-e1603734434804.png\"><img loading=\"lazy\" decoding=\"async\" class=\"aligncenter size-large wp-image-38076\" src=\"https:\/\/wawa-news.com\/wp-content\/uploads\/2020\/10\/Screen-Shot-2020-10-26-at-1.46.35-PM-600x340.png\" alt=\"\" width=\"600\" height=\"340\" \/><\/a><\/p>\n<p>&nbsp;<\/p>\n<p>Le 11 octobre dernier, l\u2019ensemble des filles de la 9<sup>e<\/sup> \u00e0 la 12<sup>e<\/sup> de l\u2019\u00e9cole secondaire Saint-Joseph (Wawa) ont soulign\u00e9 la Journ\u00e9e internationale des filles! Dans le cadre des activit\u00e9s tenues \u00e0 l\u2019\u00e9cole et organis\u00e9s par Mme Stephanie McGregor, ces \u00e9l\u00e8ves du secondaire ont d\u00e9couvert la raison d\u2019\u00eatre de cette journ\u00e9e ainsi que l\u2019importance du droit des filles \u00e0 l\u2019\u00e9ducation. Comme l\u2019indique le slogan de cette journ\u00e9e, \u00ab\u00a0<span class=\"4yxp\"><i>Ma voix, l\u2019\u00e9galit\u00e9 pour notre avenir\u00a0\u00bb<\/i><\/span>, les filles ont r\u00e9alis\u00e9 l\u2019importance de faire entendre leur voix et de prendre leur place dans la soci\u00e9t\u00e9. On remercie vivement Mme Lindy Purcell du Centre Victoria pour femmes d&#8217;avoir appuy\u00e9 cette activit\u00e9 en partageant des ressources et offrant un t-shirt \u00e0 toutes les participantes de l\u2019\u00e9cole secondaire Saint-Joseph.<\/p>\n","protected":false},"excerpt":{"rendered":"<p>&nbsp; Le 11 octobre dernier, l\u2019ensemble des filles de la 9e \u00e0 la 12e de l\u2019\u00e9cole secondaire Saint-Joseph (Wawa) ont soulign\u00e9 la Journ\u00e9e internationale des filles! Dans le cadre des activit\u00e9s tenues \u00e0 l\u2019\u00e9cole et organis\u00e9s par Mme Stephanie McGregor, ces \u00e9l\u00e8ves du secondaire ont d\u00e9couvert la raison d\u2019\u00eatre de cette journ\u00e9e ainsi que l\u2019importance &#8230;<\/p>\n","protected":false},"author":3,"featured_media":38076,"comment_status":"open","ping_status":"closed","sticky":false,"template":"","format":"standard","meta":{"footnotes":""},"categories":[44],"tags":[551],"class_list":["post-38078","post","type-post","status-publish","format-standard","has-post-thumbnail","hentry","category-education","tag-ecole-secondaire-saint-joseph-wawa"],"publishpress_future_action":{"enabled":false,"date":"2026-05-05 16:57:19","action":"change-status","newStatus":"draft","terms":[],"taxonomy":"category","extraData":[]},"publishpress_future_workflow_manual_trigger":{"enabledWorkflows":[]},"_links":{"self":[{"href":"https:\/\/wawa-news.com\/index.php\/wp-json\/wp\/v2\/posts\/38078","targetHints":{"allow":["GET"]}}],"collection":[{"href":"https:\/\/wawa-news.com\/index.php\/wp-json\/wp\/v2\/posts"}],"about":[{"href":"https:\/\/wawa-news.com\/index.php\/wp-json\/wp\/v2\/types\/post"}],"author":[{"embeddable":true,"href":"https:\/\/wawa-news.com\/index.php\/wp-json\/wp\/v2\/users\/3"}],"replies":[{"embeddable":true,"href":"https:\/\/wawa-news.com\/index.php\/wp-json\/wp\/v2\/comments?post=38078"}],"version-history":[{"count":1,"href":"https:\/\/wawa-news.com\/index.php\/wp-json\/wp\/v2\/posts\/38078\/revisions"}],"predecessor-version":[{"id":38079,"href":"https:\/\/wawa-news.com\/index.php\/wp-json\/wp\/v2\/posts\/38078\/revisions\/38079"}],"wp:featuredmedia":[{"embeddable":true,"href":"https:\/\/wawa-news.com\/index.php\/wp-json\/wp\/v2\/media\/38076"}],"wp:attachment":[{"href":"https:\/\/wawa-news.com\/index.php\/wp-json\/wp\/v2\/media?parent=38078"}],"wp:term":[{"taxonomy":"category","embeddable":true,"href":"https:\/\/wawa-news.com\/index.php\/wp-json\/wp\/v2\/categories?post=38078"},{"taxonomy":"post_tag","embeddable":true,"href":"https:\/\/wawa-news.com\/index.php\/wp-json\/wp\/v2\/tags?post=38078"}],"curies":[{"name":"wp","href":"https:\/\/api.w.org\/{rel}","templated":true}]}}