{"id":33744,"date":"2020-07-01T09:12:14","date_gmt":"2020-07-01T13:12:14","guid":{"rendered":"https:\/\/wawa-news.com\/?p=33744"},"modified":"2020-07-01T09:13:27","modified_gmt":"2020-07-01T13:13:27","slug":"declaration-du-premier-ministre-a-loccasion-de-la-fete-du-canada","status":"publish","type":"post","link":"https:\/\/wawa-news.com\/index.php\/2020\/07\/01\/declaration-du-premier-ministre-a-loccasion-de-la-fete-du-canada\/","title":{"rendered":"D\u00e9claration du premier ministre \u00e0 l&#8217;occasion de la F\u00eate du Canada"},"content":{"rendered":"<p>Le premier ministre <span class=\"xn-person\">Justin Trudeau<\/span> a fait aujourd&#8217;hui la d\u00e9claration suivante \u00e0 l&#8217;occasion de la F\u00eate du <span class=\"xn-location\">Canada<\/span> :<\/p>\n<p style=\"padding-left: 40px;\"><em>\u00ab\u00a0En cette F\u00eate du <span class=\"xn-location\">Canada<\/span>, nous c\u00e9l\u00e9brons notre magnifique pays ainsi que les gens avec qui nous le partageons. Que vous soyez en train de faire du barbecue ou de jouer dehors avec vos enfants, c&#8217;est l&#8217;occasion de r\u00e9fl\u00e9chir \u00e0 o\u00f9 nous en sommes en tant que pays et \u00e0 notre avenir.<\/em><\/p>\n<p style=\"padding-left: 40px;\"><em>\u00ab\u00a0Les derniers mois ont \u00e9t\u00e9 difficiles pour tous les Canadiens, mais tout au long de cette pand\u00e9mie, nous avons \u00e9t\u00e9 l\u00e0 les uns pour les autres. Nous nous sommes entraid\u00e9s entre voisins et nos petites entreprises ont \u00e9t\u00e9 pr\u00e9sentes pour leurs communaut\u00e9s et leurs employ\u00e9s. Nos forces arm\u00e9es ont aussi continu\u00e9 de prot\u00e9ger les personnes les plus vuln\u00e9rables, et nos m\u00e9decins, infirmi\u00e8res et infirmiers ont gard\u00e9 nos familles en bonne sant\u00e9. Toutes ces actions repr\u00e9sentent vraiment ce que signifie \u00eatre un Canadien.<\/em><\/p>\n<p style=\"padding-left: 40px;\"><em>\u00ab\u00a0Le succ\u00e8s du <span class=\"xn-location\">Canada<\/span> est d\u00fb \u00e0 sa population. Des gens qui ont \u00e0 c\u0153ur nos valeurs communes que sont la paix, l&#8217;\u00e9galit\u00e9 et la compassion et qui savent que notre force repose sur notre diversit\u00e9.<\/em><\/p>\n<p style=\"padding-left: 40px;\"><em>\u00ab\u00a0Des gens qui savent \u00e9galement que c&#8217;est uniquement en travaillant ensemble que nous pouvons b\u00e2tir un pays meilleur, o\u00f9 tous les a\u00een\u00e9s ont un chez-soi s\u00fbr et o\u00f9 nous nous opposons au racisme, \u00e0 l&#8217;injustice et \u00e0 la haine. Un pays o\u00f9 nous savons que notre travail pour donner \u00e0 tous une chance juste et \u00e9quitable de r\u00e9ussir n&#8217;est jamais termin\u00e9.<\/em><\/p>\n<p style=\"padding-left: 40px;\"><em>\u00ab\u00a0Ce qui rend le <span class=\"xn-location\">Canada<\/span> si sp\u00e9cial, ce n&#8217;est pas que nous croyons que nous sommes le meilleur pays au monde &#8211; c&#8217;est plut\u00f4t que nous savons que nous pouvons l&#8217;\u00eatre, et que nous continuerons \u00e0 travailler pour b\u00e2tir ce pays. Parce qu&#8217;aucun d\u00e9fi n&#8217;est insurmontable si nous y faisons face ensemble.<\/em><\/p>\n<p style=\"padding-left: 40px;\"><em>\u00ab\u00a0J&#8217;invite tous les Canadiens \u00e0 prendre part aux <a href=\"https:\/\/c212.net\/c\/link\/?t=0&amp;l=fr&amp;o=2846088-1&amp;h=1592642524&amp;u=https%3A%2F%2Fwww.canada.ca%2Ffr%2Fpatrimoine-canadien%2Fcampagnes%2Ffete-canada.html&amp;a=c%C3%A9l%C3%A9brations+virtuelles\" target=\"_blank\" rel=\"nofollow noopener noreferrer\">c\u00e9l\u00e9brations virtuelles<\/a> de cette ann\u00e9e et aux discussions en ligne sur la #F\u00eateduCanada. Aujourd&#8217;hui, nous c\u00e9l\u00e9brons le pays que nous partageons. Demain, nous regardons vers l&#8217;avenir et nous allons de l&#8217;avant ensemble.<\/em><\/p>\n<p style=\"padding-left: 40px;\"><em>\u00ab\u00a0Bonne f\u00eate du <span class=\"xn-location\">Canada<\/span> \u00e0 tous!\u00a0\u00bb\u00a0\u00a0<\/em><\/p>\n","protected":false},"excerpt":{"rendered":"<p>Le premier ministre Justin Trudeau a fait aujourd&#8217;hui la d\u00e9claration suivante \u00e0 l&#8217;occasion de la F\u00eate du Canada : \u00ab\u00a0En cette F\u00eate du Canada, nous c\u00e9l\u00e9brons notre magnifique pays ainsi que les gens avec qui nous le partageons. Que vous soyez en train de faire du barbecue ou de jouer dehors avec vos enfants, c&#8217;est &#8230;<\/p>\n","protected":false},"author":3,"featured_media":33742,"comment_status":"open","ping_status":"closed","sticky":false,"template":"","format":"standard","meta":{"footnotes":""},"categories":[41],"tags":[2495,2554],"class_list":["post-33744","post","type-post","status-publish","format-standard","has-post-thumbnail","hentry","category-community","tag-canada-day-2020","tag-justin-trudeau"],"publishpress_future_action":{"enabled":false,"date":"2026-05-02 01:05:33","action":"change-status","newStatus":"draft","terms":[],"taxonomy":"category","extraData":[]},"publishpress_future_workflow_manual_trigger":{"enabledWorkflows":[]},"_links":{"self":[{"href":"https:\/\/wawa-news.com\/index.php\/wp-json\/wp\/v2\/posts\/33744","targetHints":{"allow":["GET"]}}],"collection":[{"href":"https:\/\/wawa-news.com\/index.php\/wp-json\/wp\/v2\/posts"}],"about":[{"href":"https:\/\/wawa-news.com\/index.php\/wp-json\/wp\/v2\/types\/post"}],"author":[{"embeddable":true,"href":"https:\/\/wawa-news.com\/index.php\/wp-json\/wp\/v2\/users\/3"}],"replies":[{"embeddable":true,"href":"https:\/\/wawa-news.com\/index.php\/wp-json\/wp\/v2\/comments?post=33744"}],"version-history":[{"count":1,"href":"https:\/\/wawa-news.com\/index.php\/wp-json\/wp\/v2\/posts\/33744\/revisions"}],"predecessor-version":[{"id":33745,"href":"https:\/\/wawa-news.com\/index.php\/wp-json\/wp\/v2\/posts\/33744\/revisions\/33745"}],"wp:featuredmedia":[{"embeddable":true,"href":"https:\/\/wawa-news.com\/index.php\/wp-json\/wp\/v2\/media\/33742"}],"wp:attachment":[{"href":"https:\/\/wawa-news.com\/index.php\/wp-json\/wp\/v2\/media?parent=33744"}],"wp:term":[{"taxonomy":"category","embeddable":true,"href":"https:\/\/wawa-news.com\/index.php\/wp-json\/wp\/v2\/categories?post=33744"},{"taxonomy":"post_tag","embeddable":true,"href":"https:\/\/wawa-news.com\/index.php\/wp-json\/wp\/v2\/tags?post=33744"}],"curies":[{"name":"wp","href":"https:\/\/api.w.org\/{rel}","templated":true}]}}