{"id":32925,"date":"2020-06-15T08:19:49","date_gmt":"2020-06-15T12:19:49","guid":{"rendered":"https:\/\/wawa-news.com\/?p=32925"},"modified":"2020-06-18T13:36:15","modified_gmt":"2020-06-18T17:36:15","slug":"devoilement-de-la-programmation-de-la-fete-du-canada-2020","status":"publish","type":"post","link":"https:\/\/wawa-news.com\/index.php\/2020\/06\/15\/devoilement-de-la-programmation-de-la-fete-du-canada-2020\/","title":{"rendered":"D\u00e9voilement de la programmation de la f\u00eate du Canada 2020"},"content":{"rendered":"<div class=\"row\">\n<div class=\"col-md-auto\">\n<p>Aujourd\u2019hui, l\u2019honorable Steven Guilbeault, ministre du Patrimoine canadien, a d\u00e9voil\u00e9 la programmation de la f\u00eate du Canada 2020. Le 1<sup>er<\/sup> juillet, les Canadiens et les Canadiennes d\u2019un oc\u00e9an \u00e0 l\u2019autre sont invit\u00e9s \u00e0 prendre part \u00e0 une panoplie de c\u00e9l\u00e9brations virtuelles et \u00e0 exprimer leur fiert\u00e9.<\/p>\n<p>Cette ann\u00e9e plus que jamais, la f\u00eate du Canada rassemblera les Canadiens et les Canadiennes pour cette c\u00e9l\u00e9bration nationale importante, m\u00eame si elle se d\u00e9roule virtuellement.<\/p>\n<p>C\u2019est aussi l\u2019occasion de souligner des moments cl\u00e9s de notre histoire, comme le 40<sup>e<\/sup> anniversaire de l\u2019hymne national \u00ab \u00d4 Canada \u00bb et le r\u00f4le d\u00e9terminant qu\u2019a jou\u00e9 la Nation m\u00e9tisse dans l\u2019entr\u00e9e du Manitoba dans la Conf\u00e9d\u00e9ration il y a 150 ans.<\/p>\n<h3>Une programmation virtuelle des plus r\u00e9jouissantes et engageantes<\/h3>\n<p>Les activit\u00e9s propos\u00e9es s\u2019inspirent des grandes forces du Canada\u00a0: la diversit\u00e9 culturelle, l\u2019excellence sportive et artistique, la culture et les langues autochtones ainsi que l\u2019esprit d\u2019innovation. O\u00f9 que vous soyez, vous pourrez y participer.<\/p>\n<p>D\u00e8s aujourd\u2019hui, la <a href=\"https:\/\/www.canada.ca\/fr\/patrimoine-canadien\/campagnes\/fete-canada\/trousse-celebration.html\">Trousse de c\u00e9l\u00e9bration<\/a> virtuelle propose \u00e0 toute la famille des activit\u00e9s interactives, cr\u00e9atives et \u00e9ducatives. Explorez les coffrets d\u2019activit\u00e9s dans le site Web et partagez votre exp\u00e9rience \u00e0 l\u2019aide du mot-clic #F\u00eateduCanada.<\/p>\n<h3>Canada, soyons ensemble!<\/h3>\n<p>Au cours des prochaines semaines, r\u00e9pondez \u00e0 l\u2019appel sur les m\u00e9dias sociaux de personnalit\u00e9s canadiennes de renom comme le chef Ricardo, le blogueur de voyage Gunnarolla et l\u2019ancien joueur de football \u00c9tienne Boulay, qui sera accompagn\u00e9 d\u2019athl\u00e8tes de partout au Canada, dont la patineuse Kaetlyn Osmond, la volleyeuse assise Jennifer Oakes et l\u2019ancien joueur de football Shea Emery.<\/p>\n<p>Ces capsules vid\u00e9o, qui seront affich\u00e9es sur le <a href=\"https:\/\/www.canada.ca\/fr\/patrimoine-canadien\/campagnes\/fete-canada\/celebrations-en-ligne\/serie-soyons-ensemble.html\">site Web<\/a> d\u00e8s le 29 juin, vous feront vivre des moments inspirants, touchants et captivants en compagnie de Canadiens et de Canadiennes des quatre coins du pays.<\/p>\n<ul>\n<li>\u00ab\u00a0Cuisinons ensemble!\u00a0\u00bb \u2212 Un d\u00e9fi culinaire rassembleur et haut en couleur.<\/li>\n<li>\u00ab\u00a0Bougeons ensemble!\u00a0\u00bb \u2212 Un d\u00e9fi sportif amusant. Pr\u00e9sent\u00e9e par GoodLife Fitness.<\/li>\n<li>\u00ab\u00a0Innovons ensemble!\u00a0\u00bb \u2212 L\u2019ing\u00e9niosit\u00e9 canadienne \u00e0 son meilleur.<\/li>\n<li>\u00ab\u00a0D\u00e9couvrons ensemble!\u00a0\u00bb \u2212 Des tr\u00e9sors cach\u00e9s du Canada num\u00e9rique. Pr\u00e9sent\u00e9e par Rogers.<\/li>\n<li>\u00ab\u00a0C\u00e9l\u00e9brons ensemble!\u00a0\u00bb \u2212 Une c\u00e9l\u00e9bration \u00e0 la hauteur de notre pays. Pr\u00e9sent\u00e9e par Tim Hortons.<\/li>\n<\/ul>\n<h3>Le 1<sup>er<\/sup> juillet partout au pays et dans le monde<\/h3>\n<p>De nombreuses villes et communaut\u00e9s du pays organisent \u00e9galement des c\u00e9l\u00e9brations virtuelles. De plus, les ambassades, les consulats et les hauts-commissariats du Canada offriront des activit\u00e9s ailleurs dans le monde. Pour en savoir davantage, veuillez consulter le <a href=\"https:\/\/www.canada.ca\/fr\/patrimoine-canadien\/campagnes\/fete-canada.html\">site Web<\/a> de la f\u00eate du Canada.<\/p>\n<p>De 13 h \u00e0 14 h (heure locale) (\u00e0 14 h, heure de l\u2019Atlantique), regardez l\u2019\u00e9mission <a href=\"https:\/\/www.canada.ca\/fr\/patrimoine-canadien\/campagnes\/fete-canada\/celebrations-en-ligne\/emission-jour.html\">\u00ab\u00a0La f\u00eate du Canada \u00e0 travers le pays\u00a0\u00bb<\/a> sur les ondes de Radio-Canada et de la CBC, ainsi qu\u2019\u00e0 la CPAC et sur les plateformes num\u00e9riques de Patrimoine canadien \u00e0 13 h (HE).<\/p>\n<p>L\u2019\u00e9mission de jour de la f\u00eate du Canada propose une tourn\u00e9e virtuelle des c\u00e9l\u00e9brations. En compagnie de Pierre-Yves Lord et de Serena Ryder, partez \u00e0 la d\u00e9couverte de talentueux artistes \u00e0 Yellowknife et \u00e0 Moncton, en passant par Calgary, Winnipeg, Sudbury, Montr\u00e9al et Qu\u00e9bec.<\/p>\n<p>C\u00e9l\u00e9brez la diversit\u00e9 culturelle, l\u2019excellence sportive, la culture et les langues autochtones et soulignez la r\u00e9silience des travailleurs de premi\u00e8re ligne. De plus, un clin d\u2019\u0153il au 40<sup>e<\/sup> anniversaire de l\u2019hymne national \u00ab \u00d4 Canada\u00a0\u00bb et plusieurs surprises vous attendent.<\/p>\n<p><strong>En vedette: <\/strong>Paul Brandt, Marc Hervieux, Julie Nesrallah, Orchestre du Centre national des Arts, Laurence Nerbonne et Sarahm\u00e9e, Leela Gilday, Ballet Atlantique Canada, Sierra Noble, Faouzia, Kelly Bado, Olivia Lunny, JP Hoe et Jason Burnstick, and Patricia Cano<\/p>\n<p>De 20 h \u00e0 22 h (heure locale) (\u00e0 21 h, heure de l\u2019Atlantique), regardez l\u2019\u00e9mission du soir <a href=\"https:\/\/www.canada.ca\/fr\/patrimoine-canadien\/campagnes\/fete-canada\/celebrations-en-ligne\/emission-soir.html\">\u00ab\u00a0La f\u00eate du Canada ensemble\u00a0\u00bb<\/a> sur les ondes de Radio-Canada et de la CBC, ainsi que sur les plateformes num\u00e9riques de Patrimoine canadien \u00e0 20 h (HE).<\/p>\n<p>Anim\u00e9e par Pierre-Yves Lord et Serena Ryder, l\u2019\u00e9mission pr\u00e9sente des collaborations artistiques originales entre artistes d\u2019un bout \u00e0 l\u2019autre du pays, y compris des arr\u00eats \u00e0 Halifax, \u00e0 Toronto et \u00e0 Vancouver. On vous r\u00e9serve tout un spectacle!<\/p>\n<p>La soir\u00e9e se terminera par un bouquet d\u2019images des plus beaux feux d\u2019artifice de la f\u00eate du Canada des ann\u00e9es pass\u00e9es.<\/p>\n<p><strong>En vedette: <\/strong>Alanis Morissette, Avril Lavigne, Sarah McLachlan, Shane Koyczan, Charlotte Cardin, Loud, Roxane Bruneau, Alan Doyle, The Sheepdogs, Corneille, Alexandra Str\u00e9liski, Joel Plaskett, Ria Mae, Alex Nevsky, Radio Radio et Damien Robitaille, Haviah Mighty, The Jerry Cans, Natasha Kanap\u00e9 Fontaine, Guillaume C\u00f4t\u00e9, The National Ballet of Canada, Vanesa Garcia-Ribala Montoya, Les Grands Ballets Canadiens, andAlanna McAdie, Royal Winnipeg Ballet<\/p>\n<p>\u00c9coutez la cha\u00eene officielle de la f\u00eate du Canada, <a href=\"https:\/\/music.stingray.com\/fr\/channels\/VIB_T0242\/canada--ensemble-en-musique\">Canada : Ensemble en musique<\/a>, sur la plateforme Stingray, qui regroupe les artistes canadiens talentueux qui participent aux \u00e9missions nationales de la f\u00eate du Canada.<\/p>\n<h3>Un feu d\u2019artifice virtuel<\/h3>\n<p>Gr\u00e2ce \u00e0 la magie de la technologie, nous vous proposons un feu d\u2019artifice virtuel en soir\u00e9e le 1<sup>er<\/sup> juillet. Pr\u00e9sent\u00e9e par Tim Hortons, une application Web vous fera vivre une exp\u00e9rience nouvelle et m\u00e9morable. Les d\u00e9tails seront annonc\u00e9s prochainement.<\/p>\n<p>\u00ab Cette ann\u00e9e n\u2019est pas comme les autres. Mais m\u00eame si nous traversons des temps difficiles, nous pouvons r\u00e9fl\u00e9chir \u00e0 ce que cela signifie d\u2019\u00eatre Canadiens. Je vous invite tous, o\u00f9 que vous soyez, \u00e0 participer aux activit\u00e9s que nous avons pr\u00e9vues. Aujourd\u2019hui, l\u2019histoire de notre pays, nos valeurs, notre talent et notre cr\u00e9ativit\u00e9 sont expos\u00e9s aux yeux du monde entier. Aujourd\u2019hui, c\u2019est notre jour. Bonne f\u00eate du Canada! \u00bb\u00a0 \u2212 L\u2019honorable Steven Guilbeault, ministre du Patrimoine canadien<\/p>\n<\/div>\n<\/div>\n<div>\n<h2>Faits en bref<\/h2>\n<ul>\n<li>Le 1<sup>er<\/sup> juillet 2020 marque le 153<sup>e<\/sup> anniversaire de la Conf\u00e9d\u00e9ration.<\/li>\n<li>Les Canadiens et les Canadiennes sont invit\u00e9s \u00e0 prendre part \u00e0 une panoplie de c\u00e9l\u00e9brations virtuelles d\u2019un oc\u00e9an \u00e0 l\u2019autre et \u00e0 exprimer leur fiert\u00e9 d\u2019\u00eatre Canadiens.<\/li>\n<li>Le 40<sup>e<\/sup> anniversaire de l\u2019hymne national \u00ab \u00d4 Canada \u00bb et le r\u00f4le d\u00e9terminant qu\u2019a jou\u00e9 la Nation m\u00e9tisse dans l\u2019entr\u00e9e du Manitoba dans la Conf\u00e9d\u00e9ration il y a 150 ans seront soulign\u00e9s.<\/li>\n<li>Le mot-clic principal est #F\u00eateduCanada.<\/li>\n<li>Les mots-clics secondaires sont #CuisinonsEnsemble, #BougeonsEnsemble, #InnovonsEnsemble, #D\u00e9couvronsEnsemble, #C\u00e9l\u00e9bronsEnsemble, #F\u00eateduCanada2020 et #F\u00eateduCanadavirtuelle.<\/li>\n<\/ul>\n<\/div>\n","protected":false},"excerpt":{"rendered":"<p>Aujourd\u2019hui, l\u2019honorable Steven Guilbeault, ministre du Patrimoine canadien, a d\u00e9voil\u00e9 la programmation de la f\u00eate du Canada 2020. Le 1er juillet, les Canadiens et les Canadiennes d\u2019un oc\u00e9an \u00e0 l\u2019autre sont invit\u00e9s \u00e0 prendre part \u00e0 une panoplie de c\u00e9l\u00e9brations virtuelles et \u00e0 exprimer leur fiert\u00e9. Cette ann\u00e9e plus que jamais, la f\u00eate du Canada &#8230;<\/p>\n","protected":false},"author":47,"featured_media":32555,"comment_status":"open","ping_status":"closed","sticky":false,"template":"","format":"standard","meta":{"footnotes":""},"categories":[39],"tags":[2495],"class_list":["post-32925","post","type-post","status-publish","format-standard","has-post-thumbnail","hentry","category-federal","tag-canada-day-2020"],"publishpress_future_action":{"enabled":false,"date":"2026-05-06 03:22:12","action":"change-status","newStatus":"draft","terms":[],"taxonomy":"category","extraData":[]},"publishpress_future_workflow_manual_trigger":{"enabledWorkflows":[]},"_links":{"self":[{"href":"https:\/\/wawa-news.com\/index.php\/wp-json\/wp\/v2\/posts\/32925","targetHints":{"allow":["GET"]}}],"collection":[{"href":"https:\/\/wawa-news.com\/index.php\/wp-json\/wp\/v2\/posts"}],"about":[{"href":"https:\/\/wawa-news.com\/index.php\/wp-json\/wp\/v2\/types\/post"}],"author":[{"embeddable":true,"href":"https:\/\/wawa-news.com\/index.php\/wp-json\/wp\/v2\/users\/47"}],"replies":[{"embeddable":true,"href":"https:\/\/wawa-news.com\/index.php\/wp-json\/wp\/v2\/comments?post=32925"}],"version-history":[{"count":1,"href":"https:\/\/wawa-news.com\/index.php\/wp-json\/wp\/v2\/posts\/32925\/revisions"}],"predecessor-version":[{"id":32926,"href":"https:\/\/wawa-news.com\/index.php\/wp-json\/wp\/v2\/posts\/32925\/revisions\/32926"}],"wp:featuredmedia":[{"embeddable":true,"href":"https:\/\/wawa-news.com\/index.php\/wp-json\/wp\/v2\/media\/32555"}],"wp:attachment":[{"href":"https:\/\/wawa-news.com\/index.php\/wp-json\/wp\/v2\/media?parent=32925"}],"wp:term":[{"taxonomy":"category","embeddable":true,"href":"https:\/\/wawa-news.com\/index.php\/wp-json\/wp\/v2\/categories?post=32925"},{"taxonomy":"post_tag","embeddable":true,"href":"https:\/\/wawa-news.com\/index.php\/wp-json\/wp\/v2\/tags?post=32925"}],"curies":[{"name":"wp","href":"https:\/\/api.w.org\/{rel}","templated":true}]}}