{"id":32245,"date":"2020-06-01T12:39:01","date_gmt":"2020-06-01T16:39:01","guid":{"rendered":"https:\/\/wawa-news.com\/?p=32245"},"modified":"2020-06-01T13:22:47","modified_gmt":"2020-06-01T17:22:47","slug":"lontario-celebre-le-mois-national-de-lhistoire-autochtone","status":"publish","type":"post","link":"https:\/\/wawa-news.com\/index.php\/2020\/06\/01\/lontario-celebre-le-mois-national-de-lhistoire-autochtone\/","title":{"rendered":"L&#8217;Ontario c\u00e9l\u00e8bre le Mois national de l&#8217;histoire autochtone"},"content":{"rendered":"<p>Aujourd&#8217;hui, Greg Rickford, ministre des Affaires autochtones, a fait la d\u00e9claration suivante au sujet du Mois national de l&#8217;histoire autochtone :<\/p>\n<p>\u00ab\u2009Le Mois national de l&#8217;histoire autochtone est une occasion pour tous les Ontariens et toutes les Ontariennes de c\u00e9l\u00e9brer l&#8217;h\u00e9ritage, la diversit\u00e9 et la culture autochtones tout en reconnaissant et en contemplant les r\u00e9alisations des Premi\u00e8res Nations, des M\u00e9tis et des Inuits.<\/p>\n<p>Ce mois est l&#8217;occasion id\u00e9ale de d\u00e9couvrir la riche histoire des peuples autochtones qui ont fa\u00e7onn\u00e9 notre province et notre pays. En rendant hommage \u00e0 notre histoire commune, nous contribuons \u00e0 favoriser la compr\u00e9hension et \u00e0 pr\u00e9server la culture, les traditions et les langues autochtones.<\/p>\n<p>Bien qu&#8217;il ne soit pas possible de nous r\u00e9unir en personne cette ann\u00e9e pour souligner cette importante c\u00e9l\u00e9bration, il y aura de nombreuses occasions de participer \u00e0 des \u00e9v\u00e9nements virtuels tout au long du mois et j&#8217;encourage tout le monde \u00e0 y prendre part.\u2009\u00bb<\/p>\n","protected":false},"excerpt":{"rendered":"<p>Aujourd&#8217;hui, Greg Rickford, ministre des Affaires autochtones, a fait la d\u00e9claration suivante au sujet du Mois national de l&#8217;histoire autochtone : \u00ab\u2009Le Mois national de l&#8217;histoire autochtone est une occasion pour tous les Ontariens et toutes les Ontariennes de c\u00e9l\u00e9brer l&#8217;h\u00e9ritage, la diversit\u00e9 et la culture autochtones tout en reconnaissant et en contemplant les r\u00e9alisations &#8230;<\/p>\n","protected":false},"author":3,"featured_media":32247,"comment_status":"open","ping_status":"closed","sticky":false,"template":"","format":"standard","meta":{"footnotes":""},"categories":[45,38],"tags":[2467],"class_list":["post-32245","post","type-post","status-publish","format-standard","has-post-thumbnail","hentry","category-indigenous","category-provincial","tag-national-indigenous-history-month"],"publishpress_future_action":{"enabled":false,"date":"2026-05-08 00:57:09","action":"change-status","newStatus":"draft","terms":[],"taxonomy":"category","extraData":[]},"publishpress_future_workflow_manual_trigger":{"enabledWorkflows":[]},"_links":{"self":[{"href":"https:\/\/wawa-news.com\/index.php\/wp-json\/wp\/v2\/posts\/32245","targetHints":{"allow":["GET"]}}],"collection":[{"href":"https:\/\/wawa-news.com\/index.php\/wp-json\/wp\/v2\/posts"}],"about":[{"href":"https:\/\/wawa-news.com\/index.php\/wp-json\/wp\/v2\/types\/post"}],"author":[{"embeddable":true,"href":"https:\/\/wawa-news.com\/index.php\/wp-json\/wp\/v2\/users\/3"}],"replies":[{"embeddable":true,"href":"https:\/\/wawa-news.com\/index.php\/wp-json\/wp\/v2\/comments?post=32245"}],"version-history":[{"count":2,"href":"https:\/\/wawa-news.com\/index.php\/wp-json\/wp\/v2\/posts\/32245\/revisions"}],"predecessor-version":[{"id":32248,"href":"https:\/\/wawa-news.com\/index.php\/wp-json\/wp\/v2\/posts\/32245\/revisions\/32248"}],"wp:featuredmedia":[{"embeddable":true,"href":"https:\/\/wawa-news.com\/index.php\/wp-json\/wp\/v2\/media\/32247"}],"wp:attachment":[{"href":"https:\/\/wawa-news.com\/index.php\/wp-json\/wp\/v2\/media?parent=32245"}],"wp:term":[{"taxonomy":"category","embeddable":true,"href":"https:\/\/wawa-news.com\/index.php\/wp-json\/wp\/v2\/categories?post=32245"},{"taxonomy":"post_tag","embeddable":true,"href":"https:\/\/wawa-news.com\/index.php\/wp-json\/wp\/v2\/tags?post=32245"}],"curies":[{"name":"wp","href":"https:\/\/api.w.org\/{rel}","templated":true}]}}