{"id":20097,"date":"2019-03-20T16:40:14","date_gmt":"2019-03-20T20:40:14","guid":{"rendered":"https:\/\/wawa-news.com\/?p=20097"},"modified":"2019-03-20T16:40:14","modified_gmt":"2019-03-20T20:40:14","slug":"declaration-de-depute-michael-mantha-pour-la-journee-internationale-de-la-francophonie","status":"publish","type":"post","link":"https:\/\/wawa-news.com\/index.php\/2019\/03\/20\/declaration-de-depute-michael-mantha-pour-la-journee-internationale-de-la-francophonie\/","title":{"rendered":"D\u00e9claration de d\u00e9put\u00e9 Michael Mantha pour la Journ\u00e9e internationale de la Francophonie"},"content":{"rendered":"<p>\u00ab\u00a0Vivre dans un pays o\u00f9 il y a deux langues officielles est une raison d\u2019\u00eatre fier pour plusieurs qui vivent \u00e0 Algoma-Manitoulin. Cela est constamment d\u00e9montr\u00e9 par les nombreux individus, familles, communaut\u00e9s, organisations et entreprises francophone et francophile \u00e0 travers la circonscription,\u00a0\u00bb d\u00e9put\u00e9 Michael Mantha a d\u00e9clar\u00e9. \u00ab\u00a0Pour toutes ces raisons et de nombreuses autres, je veux souhaiter une bonne Journ\u00e9e internationale de la Francophonie \u00e0 tous.\u00a0C\u2019est donc une journ\u00e9e pour c\u00e9l\u00e9brer la langue, la culture et la diversit\u00e9 fran\u00e7aises. \u00bb<\/p>\n<p>&nbsp;<\/p>\n<p>Afin d\u2019honorer la cr\u00e9ation de l\u2019Agence de coop\u00e9ration culturelle et technique du 20 mars 1970, qui est maintenant l\u2019Organisation internationale de la Francophonie, environ 300 millions francophones et francophiles de cinq continents rendent hommage \u00e0 cette journ\u00e9e.<\/p>\n<p>&nbsp;<\/p>\n<p>Malgr\u00e9 qu\u2019il y a beaucoup \u00e0 c\u00e9l\u00e9brer, l\u2019Algoma-Manitoulin et de nombreuses autres r\u00e9gions de l\u2019Ontario ont prouv\u00e9 leur r\u00e9silience au cours des derniers mois apr\u00e8s que le gouvernement \u00e0 Ford a \u00e9limin\u00e9 l\u2019Universit\u00e9 de l\u2019Ontario fran\u00e7ais et a transf\u00e9r\u00e9 les responsabilit\u00e9s du Commissariat aux services en fran\u00e7ais aux bureaux de l\u2019ombudsman. Le 1<sup>er<\/sup> d\u00e9cembre 2018, l\u2019Assembl\u00e9e francophone de l\u2019Ontario, qui repr\u00e9sente environ 740 000 Franco-Ontariens et Ontariennes, a organis\u00e9 une manifestation contre les changements annonc\u00e9s.<\/p>\n<p>&nbsp;<\/p>\n<p>\u00ab\u00a0Le message de nombreux Franco-Ontariens et Ontariennes est que nous n\u2019en demandons pas plus, mais simplement garder ce que nous avions. L\u2019acc\u00e8s aux services, \u00e0 l\u2019\u00e9ducation et aux \u00e9v\u00e9nements en fran\u00e7ais est important pour maintenir la culture fran\u00e7aise. C\u2019est une r\u00e9alit\u00e9 avec laquelle notre pays est malheureusement trop familiaris\u00e9 \u00e0 cause de l\u2019interdiction des langues et des c\u00e9r\u00e9monies autochtones dans le pass\u00e9,\u00a0\u00bb Mantha ajoute. \u00ab\u00a0Bonne Journ\u00e9e internationale de la Francophonie \u00e0 tous ceux qui c\u00e9l\u00e8brent et organisent des \u00e9v\u00e9nements pour vos communaut\u00e9s!\u00a0\u00bb<\/p>\n","protected":false},"excerpt":{"rendered":"<p>\u00ab\u00a0Vivre dans un pays o\u00f9 il y a deux langues officielles est une raison d\u2019\u00eatre fier pour plusieurs qui vivent \u00e0 Algoma-Manitoulin. Cela est constamment d\u00e9montr\u00e9 par les nombreux individus, familles, communaut\u00e9s, organisations et entreprises francophone et francophile \u00e0 travers la circonscription,\u00a0\u00bb d\u00e9put\u00e9 Michael Mantha a d\u00e9clar\u00e9. \u00ab\u00a0Pour toutes ces raisons et de nombreuses autres, &#8230;<\/p>\n","protected":false},"author":3,"featured_media":0,"comment_status":"open","ping_status":"closed","sticky":false,"template":"","format":"standard","meta":{"footnotes":""},"categories":[41],"tags":[],"class_list":["post-20097","post","type-post","status-publish","format-standard","hentry","category-community"],"publishpress_future_action":{"enabled":false,"date":"2026-05-07 14:34:05","action":"change-status","newStatus":"draft","terms":[],"taxonomy":"category","extraData":[]},"publishpress_future_workflow_manual_trigger":{"enabledWorkflows":[]},"_links":{"self":[{"href":"https:\/\/wawa-news.com\/index.php\/wp-json\/wp\/v2\/posts\/20097","targetHints":{"allow":["GET"]}}],"collection":[{"href":"https:\/\/wawa-news.com\/index.php\/wp-json\/wp\/v2\/posts"}],"about":[{"href":"https:\/\/wawa-news.com\/index.php\/wp-json\/wp\/v2\/types\/post"}],"author":[{"embeddable":true,"href":"https:\/\/wawa-news.com\/index.php\/wp-json\/wp\/v2\/users\/3"}],"replies":[{"embeddable":true,"href":"https:\/\/wawa-news.com\/index.php\/wp-json\/wp\/v2\/comments?post=20097"}],"version-history":[{"count":1,"href":"https:\/\/wawa-news.com\/index.php\/wp-json\/wp\/v2\/posts\/20097\/revisions"}],"predecessor-version":[{"id":20098,"href":"https:\/\/wawa-news.com\/index.php\/wp-json\/wp\/v2\/posts\/20097\/revisions\/20098"}],"wp:attachment":[{"href":"https:\/\/wawa-news.com\/index.php\/wp-json\/wp\/v2\/media?parent=20097"}],"wp:term":[{"taxonomy":"category","embeddable":true,"href":"https:\/\/wawa-news.com\/index.php\/wp-json\/wp\/v2\/categories?post=20097"},{"taxonomy":"post_tag","embeddable":true,"href":"https:\/\/wawa-news.com\/index.php\/wp-json\/wp\/v2\/tags?post=20097"}],"curies":[{"name":"wp","href":"https:\/\/api.w.org\/{rel}","templated":true}]}}